{"id":3161,"date":"2023-07-12T19:28:58","date_gmt":"2023-07-12T17:28:58","guid":{"rendered":"https:\/\/www.cimoio.de\/cms\/?p=3161"},"modified":"2025-07-09T14:52:36","modified_gmt":"2025-07-09T12:52:36","slug":"cimoio-anwendertreffen-2023","status":"publish","type":"post","link":"https:\/\/www.cimoio.de\/cms\/cimoio-anwendertreffen-2023\/","title":{"rendered":"cimoio Anwendertreffen 2023"},"content":{"rendered":"<p>[et_pb_section fb_built=&#8220;1&#8243; _builder_version=&#8220;4.20.4&#8243; _module_preset=&#8220;74e3c6fb-647a-49bb-96a6-4a121c7b7aae&#8220; custom_margin=&#8220;||60px|||&#8220; global_colors_info=&#8220;{}&#8220;][et_pb_row _builder_version=&#8220;4.20.4&#8243; _module_preset=&#8220;default&#8220; global_colors_info=&#8220;{}&#8220;][et_pb_column type=&#8220;4_4&#8243; _builder_version=&#8220;4.20.4&#8243; _module_preset=&#8220;default&#8220; global_colors_info=&#8220;{}&#8220;][et_pb_text _builder_version=&#8220;4.24.3&#8243; _module_preset=&#8220;6aefb096-509e-4f36-a71e-e71a8d1d6284&#8243; global_colors_info=&#8220;{}&#8220;]<\/p>\n<p>Am Mittwoch, den 05.07.2023\u00a0 und Donnerstag, den 06.07.2023 fand das allj\u00e4hrliche <a href=\"https:\/\/www.stl-software.de\/cimoio\/site\/ad_de-DE_\/Seminar%20(Bildungsprodukt)_type\/cimoio-Anwendertreffen_title\/ID_securedGetRequest_const=l6gl4nI1DdGcZZA83QctsUN0YwS9UJoqP6lvGK2rNG4\" target=\"_blank\" rel=\"noopener\" title=\"Bildungsprodukt Anwendertreffen im Katalog der STL GmbH\">cimoio Anwendertreffen<\/a> der <a href=\"https:\/\/www.stl-software.de\/cms\/\" target=\"_blank\" rel=\"noopener\" title=\"Website der STL GmbH\">STL GmbH<\/a> statt.<\/p>\n<p>Mit rund 40 Teilnehmerinnen und Teilnehmern von 22 Firmen, mit denen wir zusammenarbeiten, hatten wir einen neuen Teilnehmer-Rekord erreicht. Wie passend f\u00fcr unser Jubil\u00e4umsjahr: Die STL GmbH wurde <a href=\"\/cms\/ueber-uns\/\" title=\"Link zur Historie von cimoio\">2023 <strong>20 Jahre<\/strong> alt<\/a>!<\/p>\n<p>Der Veranstaltungsablauf folgte den 15 Jahren Tradition der cimoio Anwendertreffen &#8211; mit Ausnahme von zwei Jahren &#8211; coronabedingt &#8211; mit virtuellen Veranstaltungen:<\/p>\n<ul>\n<li>Begr\u00fc\u00dfung und Vorstellung der Teilnehmenden<\/li>\n<li>Aktuelles Release und Release-Planung f\u00fcr das n\u00e4chste Jahr<\/li>\n<li>Vortr\u00e4ge rund um cimoio: neue Funktionen und aktuelle Pl\u00e4ne<\/li>\n<li>Am Mittwoch Abend eine Abendveranstaltung<\/li>\n<li>Donnerstag wurden Impulsvortr\u00e4ge angeboten<\/li>\n<li>Danach folgten Workshops mit Zukunftsthemen f\u00fcr das folgende Jahr<\/li>\n<\/ul>\n<p>Das Graphic Recording der <a href=\"https:\/\/www.visualfacilitators.com\/\" target=\"_blank\" rel=\"noopener\" title=\"Homepage der Visual Facilitators GmbH\">Visual Facilitators<\/a> gibt einen guten \u00dcberblick \u00fcber die gesamte Veranstaltung!<\/p>\n<p>[\/et_pb_text][\/et_pb_column][\/et_pb_row][\/et_pb_section][et_pb_section fb_built=&#8220;1&#8243; fullwidth=&#8220;on&#8220; _builder_version=&#8220;4.21.0&#8243; _module_preset=&#8220;default&#8220; global_colors_info=&#8220;{}&#8220;][et_pb_fullwidth_image src=&#8220;https:\/\/www.cimoio.de\/cms\/wp-content\/uploads\/2023\/07\/2023-07-05_06-STL-Graphic-Recording-by-Visual-Facilitators_reduziert_bereinigt.jpg&#8220; alt=&#8220;Graphic Recording der Firma Visual Facilitators vom cimoio Anwendertreffen 2023&#8243; title_text=&#8220;2023-07-05_06 cimoio Anwendertreffen &#8211; Graphic Recording by Visual Facilitators&#8220; _builder_version=&#8220;4.21.0&#8243; _module_preset=&#8220;default&#8220; global_colors_info=&#8220;{}&#8220;][\/et_pb_fullwidth_image][\/et_pb_section][et_pb_section fb_built=&#8220;1&#8243; _builder_version=&#8220;4.20.4&#8243; _module_preset=&#8220;20b438f1-e298-4877-8981-72198881efe1&#8243; global_colors_info=&#8220;{}&#8220;][et_pb_row _builder_version=&#8220;4.20.4&#8243; _module_preset=&#8220;default&#8220; global_colors_info=&#8220;{}&#8220;][et_pb_column type=&#8220;4_4&#8243; _builder_version=&#8220;4.20.4&#8243; _module_preset=&#8220;default&#8220; global_colors_info=&#8220;{}&#8220;][et_pb_text _builder_version=&#8220;4.21.0&#8243; _module_preset=&#8220;default&#8220; global_colors_info=&#8220;{}&#8220;]<\/p>\n<h2>Kundenvorstellung beim cimoio Anwendertreffen 2023<\/h2>\n<p>[\/et_pb_text][et_pb_divider color=&#8220;#29c4a9&#8243; divider_weight=&#8220;4px&#8220; disabled_on=&#8220;on|on|off&#8220; _builder_version=&#8220;4.21.0&#8243; background_size=&#8220;initial&#8220; background_position=&#8220;top_left&#8220; background_repeat=&#8220;repeat&#8220; max_width=&#8220;40px&#8220; module_alignment=&#8220;left&#8220; custom_margin=&#8220;||10px|&#8220; animation_style=&#8220;zoom&#8220; animation_direction=&#8220;left&#8220; global_module=&#8220;1979&#8243; saved_tabs=&#8220;all&#8220; locked=&#8220;off&#8220; global_colors_info=&#8220;{}&#8220;][\/et_pb_divider][et_pb_text _builder_version=&#8220;4.22.1&#8243; _module_preset=&#8220;default&#8220; global_colors_info=&#8220;{}&#8220;]<\/p>\n<p>Wie jedes Jahr beginnt alles mit der Vorstellung unserer Teilnehmenden. Bei der Gelegenheit stellen die Anwesenden auch Projekte vor, die ihre Firma mit cimoio aktuell in Angriff genommen hat und in naher Zukunft in Angriff nehmen will.<\/p>\n<p>Diese Vorstellung jedes Jahr ist deshalb sinnvoll, weil wir als wachsendes Unternehmen nat\u00fcrlich auch regelm\u00e4\u00dfig neue Kundinnen und Kunden von uns \u00fcberzeugen, aber auch weil die Teilnehmenden, die schon lange dabei sind, immer wieder neue Projekte ansto\u00dfen.<\/p>\n<p>Im Jubil\u00e4umsjahr haben wir festgestellt, dass wir Teilnehmende dabei hatten, die einerseits schon seit fast 25 Jahren mit cimoio und dessen Vorl\u00e4ufern ecadiaPro, ecadia und Pisa arbeiten. Andererseits haben manche Teilnehmende cimoio erst seit einem Jahr in ihrem Unternehmen in Betrieb genommen. Wir hatten sogar einen Kunden an Bord, der aktuell noch in der Findungsphase f\u00fcr ein Learningmanagementsystem (LMS) ist, sich aber sehr daf\u00fcr interessiert hat, sich mit Kundinnen und Kunden \u00fcber die Arbeit mit der STL GmbH zu informieren. Denn wenn auch alle technischen Anforderungen gekl\u00e4rt werden m\u00fcssen: auch die menschliche Komponente darf man nicht untersch\u00e4tzen.<\/p>\n<p>Im Folgenden m\u00f6chten wir sehr gerne die Wortmeldungen von Teilnehmenden einiger unserer <a href=\"\/cms\/erfolgsgeschichten\/\" title=\"Lesen Sie hier weitere Erfolgsgeschichten ausgew\u00e4hlter Referenzkunden\">Referenzkunden<\/a> in den Vordergrund stellen:<\/p>\n<p>[\/et_pb_text][\/et_pb_column][\/et_pb_row][et_pb_row _builder_version=&#8220;4.21.0&#8243; _module_preset=&#8220;default&#8220; global_colors_info=&#8220;{}&#8220;][et_pb_column type=&#8220;4_4&#8243; _builder_version=&#8220;4.21.0&#8243; _module_preset=&#8220;default&#8220; global_colors_info=&#8220;{}&#8220;][et_pb_text _builder_version=&#8220;4.21.0&#8243; _module_preset=&#8220;default&#8220; global_colors_info=&#8220;{}&#8220;]<\/p>\n<h3>Sparkassenakademie Baden-W\u00fcrttemberg<\/h3>\n<p>[\/et_pb_text][et_pb_divider color=&#8220;#29c4a9&#8243; divider_weight=&#8220;4px&#8220; disabled_on=&#8220;on|on|off&#8220; _builder_version=&#8220;4.21.0&#8243; background_size=&#8220;initial&#8220; background_position=&#8220;top_left&#8220; background_repeat=&#8220;repeat&#8220; max_width=&#8220;40px&#8220; module_alignment=&#8220;left&#8220; custom_margin=&#8220;||10px|&#8220; animation_style=&#8220;zoom&#8220; animation_direction=&#8220;left&#8220; global_module=&#8220;1979&#8243; saved_tabs=&#8220;all&#8220; locked=&#8220;off&#8220; global_colors_info=&#8220;{}&#8220;][\/et_pb_divider][et_pb_text _builder_version=&#8220;4.22.1&#8243; _module_preset=&#8220;default&#8220; locked=&#8220;off&#8220; global_colors_info=&#8220;{}&#8220;]<\/p>\n<p>Die <a href=\"https:\/\/www.spk-akademie.de\/\" target=\"_blank\" rel=\"noopener\" title=\"Website der Sparkassenakademie Baden-W\u00fcrttemberg\">Sparkassenakademie Baden-W\u00fcrttemberg<\/a> als Abteilung des Sparkassenverbands Baden-W\u00fcrttemberg ist eine der treuesten Kundinnen von cimoio aus dem Sektor <span>\u201e<\/span><a href=\"\/cms\/branchenloesungen\/handel-banken-und-versicherungen\/\" title=\"Details zu cimoio als L\u00f6sung f\u00fcr Handel, Banken und Versicherungen\">Banken und Versicherungen<\/a>&#8222;. Sie hat folgendes Selbstverst\u00e4ndnis:<\/p>\n<blockquote>\n<p>&#8211; Bildungszentrum der Sparkassen-Finanzgruppe Baden-W\u00fcrttemberg und deren\u00a0 \u00a0 \u00a0 \u00a0 \u00a0 \u00a0 \u00a0 \u00a0 \u00a0 \u00a0 \u00a0 \u00a0 \u00a0 Mitarbeiter\/-innen<br \/>&#8211; Innovatives Kompetenzcenter f\u00fcr Personalentwicklung<br \/>&#8211; Zentrum der Kommunikation und Identifikation in der Sparkassen-Finanzgruppe<br \/>&#8211; Partner zur Umsetzung f\u00fcr Gesch\u00e4ftspolitik -und strategien<br \/>&#8211; Ort der Begegnung der Sparkassen-Finanzgruppe mit Wirtschaft, Gesellschaft,\u00a0 \u00a0 \u00a0 \u00a0 \u00a0 \u00a0 \u00a0 \u00a0 \u00a0 \u00a0 \u00a0 \u00a0 \u00a0 \u00a0 \u00a0Wissenschaft und Politik<\/p>\n<\/blockquote>\n<p>F\u00fcr das Anwendertreffen 2023 haben Sie zusammen mit Herrn Klaus Barrig von der<br \/><a href=\"https:\/\/barrig-unternehmensberatung.de\/\" target=\"_blank\" rel=\"noopener\" title=\"Website der HLP Barrig &amp; Partner Unternehmensberatung\">HLP Barrig &amp; Partner<\/a> an der Umsetzung eines Prozesses gearbeitet; Herr Barrig ist durch vorherige Projekte ebenfalls schon mit unserer Software vertraut.<br \/>Als <span>\u201e<\/span><a href=\"\/cms\/branchenloesungen\/bildungsanbieter\/\" title=\"Details zu cimoio als LMS f\u00fcr Bildungsanbieter\">Bildungszentrum<\/a> der Sparkassen-Finanzgruppe Baden-W\u00fcrttemberg&#8220; stellt die Akademie ihre Kapazit\u00e4ten nat\u00fcrlich zuerst dieser Aufgabe in den Dienst. Um dar\u00fcber hinaus auch eine optimale Auslastung zu erreichen und den Zweck <span>\u201e<\/span>Ort der Begegnung der Sparkassen-Finanzgruppe mit Wirtschaft, Gesellschaft, Wissenschaft und Politik&#8220; zu erf\u00fcllen, stellt sie \u00fcbersch\u00fcssige Kapazit\u00e4ten am offenen Markt zur Verf\u00fcgung.<\/p>\n<p>Der Prozess der Annahme einer Anfrage f\u00fcr eine Veranstaltung von einer Organisation, die nicht zur Sparkassen-Finanzgruppe Baden-W\u00fcrttemberg geh\u00f6rt, sollte nun digital st\u00e4rker begleitet werden. Daf\u00fcr hat die Akademie unter Beratung und Mitarbeit von Herrn Barrig die Prozesse analysiert und Zust\u00e4ndigkeiten zugewiesen. Dann wurde er in cimoio in einen einfach verst\u00e4ndlichen und \u00fcbersichtlichen Prozess \u00fcberf\u00fchrt, welcher nun neue Mitarbeitende als auch erfahrene cimoio-Anwenderinnen unterst\u00fctzt.<\/p>\n<p>[\/et_pb_text][et_pb_cta title=&#8220;Lesen sie hier die ganze Erfolgsgeschichte der Sparkassenakademie mit cimoio&#8220; button_url=&#8220;@ET-DC@eyJkeW5hbWljIjp0cnVlLCJjb250ZW50IjoicG9zdF9saW5rX3VybF9wcm9qZWN0Iiwic2V0dGluZ3MiOnsicG9zdF9pZCI6IjIzNzgifX0=@&#8220; button_text=&#8220;Erfolgsgeschichte: Sparkassenakademie&#8220; _builder_version=&#8220;4.22.1&#8243; _dynamic_attributes=&#8220;button_url&#8220; _module_preset=&#8220;default&#8220; global_colors_info=&#8220;{}&#8220;][\/et_pb_cta][\/et_pb_column][\/et_pb_row][et_pb_row _builder_version=&#8220;4.21.0&#8243; _module_preset=&#8220;default&#8220; locked=&#8220;off&#8220; global_colors_info=&#8220;{}&#8220;][et_pb_column type=&#8220;4_4&#8243; _builder_version=&#8220;4.21.0&#8243; _module_preset=&#8220;default&#8220; global_colors_info=&#8220;{}&#8220;][et_pb_text _builder_version=&#8220;4.21.0&#8243; _module_preset=&#8220;default&#8220; global_colors_info=&#8220;{}&#8220;]<\/p>\n<h3>Lufthansa Technik Logistik Services<\/h3>\n<p>[\/et_pb_text][et_pb_divider color=&#8220;#29c4a9&#8243; divider_weight=&#8220;4px&#8220; disabled_on=&#8220;on|on|off&#8220; _builder_version=&#8220;4.21.0&#8243; background_size=&#8220;initial&#8220; background_position=&#8220;top_left&#8220; background_repeat=&#8220;repeat&#8220; max_width=&#8220;40px&#8220; module_alignment=&#8220;left&#8220; custom_margin=&#8220;||10px|&#8220; animation_style=&#8220;zoom&#8220; animation_direction=&#8220;left&#8220; global_module=&#8220;1979&#8243; saved_tabs=&#8220;all&#8220; locked=&#8220;off&#8220; global_colors_info=&#8220;{}&#8220;][\/et_pb_divider][et_pb_text _builder_version=&#8220;4.24.3&#8243; _module_preset=&#8220;default&#8220; hover_enabled=&#8220;0&#8243; locked=&#8220;off&#8220; global_colors_info=&#8220;{}&#8220; sticky_enabled=&#8220;0&#8243;]<\/p>\n<p>Stellvertretend f\u00fcr andere T\u00f6chter und Teams des <a href=\"https:\/\/www.lufthansa.com\/de\/de\/lufthansa-aviation-group\" target=\"_blank\" rel=\"noopener\" title=\"Website mit Informationen zur Lufthansa Aviation Group \">Lufthansa Konzerns<\/a> stellen wir hier das Team der <a href=\"https:\/\/www.ltls.aero\/en\" target=\"_blank\" rel=\"noopener\" title=\"Website der Lufthansa Technik Logistik Services\">Lufthansa Technik Logistik Services<\/a> vor.<\/p>\n<p>Diese setzt cimoio von Anfang an als Trainingsmanagementsystem (TMS) zur Verwaltung ihrer Mitarbeitertrainings ein. Mit der Zeit folgte die Nutzung als Learning Management System (LMS) zur Auslieferung von digitalen Lerninhalten.<\/p>\n<p>Heute fast noch wichtiger sind cimoios St\u00e4rken im Bereich Qualifikation zum Abbilden von aktuellen Bildungsst\u00e4nden und die Nutzung zur Steuerung der Autorisation einzelner Mitarbeiterinnen und Mitarbeiter f\u00fcr Aufgaben wie z. B. das Verstauen und Sichern von Logistikeinheiten in einem Flugzeug entsprechend der Regulatorien des <a href=\"https:\/\/www.lba.de\/\" target=\"_blank\" rel=\"noopener\" title=\"Website des Luftfahrtbundesamts\">Luftfahrtbundesamts (LBA)<\/a>.<\/p>\n<p>Generell ist dies eine St\u00e4rke von cimoio, die uns f\u00fcr die speziellen Anforderungen der Luftfahrt r\u00fcstet. Deshalb haben wir dieser speziellen Auspr\u00e4gung von cimoio den Namen &#8222;<a href=\"\/cms\/branchenloesungen\/luftfahrt\/\" title=\"Informationen zur Branchenl\u00f6sung cimoio aero\">cimoio aero<\/a>&#8220; gegeben. Mit cimoio k\u00f6nnen wir durch diese spezielle fachliche und funktionale Spezialisierung Unternehmen in der Luftfahrt helfen, die luftrechtlichen Anforderung zu erf\u00fcllen. Wir unterst\u00fctzen dabei die Anforderungen der EASA Part 145.<\/p>\n<p>[\/et_pb_text][et_pb_cta title=&#8220;Lesen sie hier die ganze Erfolgsgeschichte der LTLS mit cimoio&#8220; button_url=&#8220;@ET-DC@eyJkeW5hbWljIjp0cnVlLCJjb250ZW50IjoicG9zdF9saW5rX3VybF9wcm9qZWN0Iiwic2V0dGluZ3MiOnsicG9zdF9pZCI6IjI2ODYifX0=@&#8220; button_text=&#8220;Erfolgsgeschichte: LTLS&#8220; _builder_version=&#8220;4.22.1&#8243; _dynamic_attributes=&#8220;button_url&#8220; _module_preset=&#8220;default&#8220; global_colors_info=&#8220;{}&#8220;][\/et_pb_cta][\/et_pb_column][\/et_pb_row][\/et_pb_section][et_pb_section fb_built=&#8220;1&#8243; _builder_version=&#8220;4.20.4&#8243; _module_preset=&#8220;74e3c6fb-647a-49bb-96a6-4a121c7b7aae&#8220; global_colors_info=&#8220;{}&#8220;][et_pb_row _builder_version=&#8220;4.20.4&#8243; _module_preset=&#8220;default&#8220; custom_padding=&#8220;27px|||||&#8220; global_colors_info=&#8220;{}&#8220;][et_pb_column type=&#8220;4_4&#8243; _builder_version=&#8220;4.20.4&#8243; _module_preset=&#8220;default&#8220; global_colors_info=&#8220;{}&#8220;][et_pb_text _builder_version=&#8220;4.21.0&#8243; _module_preset=&#8220;6aefb096-509e-4f36-a71e-e71a8d1d6284&#8243; global_colors_info=&#8220;{}&#8220;]<\/p>\n<h2>Releaseplanung 2023 f\u00fcr cimoio<\/h2>\n<p>[\/et_pb_text][et_pb_divider color=&#8220;#29c4a9&#8243; divider_weight=&#8220;4px&#8220; disabled_on=&#8220;on|on|off&#8220; _builder_version=&#8220;4.21.0&#8243; background_size=&#8220;initial&#8220; background_position=&#8220;top_left&#8220; background_repeat=&#8220;repeat&#8220; max_width=&#8220;40px&#8220; module_alignment=&#8220;left&#8220; custom_margin=&#8220;||10px|&#8220; animation_style=&#8220;zoom&#8220; animation_direction=&#8220;left&#8220; global_module=&#8220;1979&#8243; saved_tabs=&#8220;all&#8220; locked=&#8220;off&#8220; global_colors_info=&#8220;{}&#8220;][\/et_pb_divider][et_pb_text _builder_version=&#8220;4.22.1&#8243; _module_preset=&#8220;6aefb096-509e-4f36-a71e-e71a8d1d6284&#8243; global_colors_info=&#8220;{}&#8220;]<\/p>\n<p>Auf dem Anwendertreffen hatten wir die gro\u00dfe Freude, gleich <strong>zwei Releases<\/strong> ank\u00fcndigen zu k\u00f6nnen.<\/p>\n<p>Zun\u00e4chst das <strong>Release 3.9.5<\/strong>, welches das Sprungbrett f\u00fcr den Wechsel zum n\u00e4chsten Major Release von cimoio darstellt. Am 21.08. planen wir dieses Release zu &#8222;branchen&#8220; (das bedeutet: von der sonstigen Entwicklung zu l\u00f6sen) und dann als eigenst\u00e4ndiges Release zu ver\u00f6ffentlichen. Kunden k\u00f6nnen es dann ab Mitte September auf ihre Kundenumgebung anpassen lassen und nutzen. Dieses Release werden wir 2 Jahre, also bis Ende 2025 unterst\u00fctzen. Dann l\u00e4uft die Frist f\u00fcr die Betreuung aller Versionen des Major Release 3.x aus. Sie k\u00f6nnen dann nat\u00fcrlich noch weiter betrieben werden. Allerdings wird die aktive Betreuung durch die STL GmbH dann eingestellt.<\/p>\n<p>Deshalb gibt es aber auch ab Anfang November das neue<strong> Major Release 4.0<\/strong>. Der wichtigste Entwicklungsschritt darin ist die Modernisierung sowohl des Aussehens als auch der Bedienkonzepte in der <a href=\"\/cms\/cimoio-und-module\/portal-module\/#anker2-portal-veranstalter\" title=\"Weitere Informationen zum Veranstalter-Portal\">Oberfl\u00e4che f\u00fcr die haupts\u00e4chlichen Nutzer: die Veranstalter<\/a>. Dieser Schritt war \u00fcberf\u00e4llig und wurde daher auch von allen Teilnehmenden freudig begr\u00fc\u00dft. Die ersten Eindr\u00fccke der neuen Oberfl\u00e4che werden wir vor dem Release-Termin noch vorstellen.<\/p>\n<p>[\/et_pb_text][\/et_pb_column][\/et_pb_row][\/et_pb_section][et_pb_section fb_built=&#8220;1&#8243; _builder_version=&#8220;4.20.4&#8243; _module_preset=&#8220;default&#8220; global_colors_info=&#8220;{}&#8220;][et_pb_row _builder_version=&#8220;4.20.4&#8243; _module_preset=&#8220;default&#8220; global_colors_info=&#8220;{}&#8220;][et_pb_column type=&#8220;4_4&#8243; _builder_version=&#8220;4.20.4&#8243; _module_preset=&#8220;default&#8220; global_colors_info=&#8220;{}&#8220;][et_pb_text _builder_version=&#8220;4.21.0&#8243; _module_preset=&#8220;default&#8220; global_colors_info=&#8220;{}&#8220;]<\/p>\n<h2>Vortr\u00e4ge zum cimoio Anwendertreffen 2023<span class=\"berschrift3Zchn\"><span style=\"font-size: 12.0pt;line-height: 107%\"><\/span><\/span><\/h2>\n<p>[\/et_pb_text][et_pb_divider color=&#8220;#29c4a9&#8243; divider_weight=&#8220;4px&#8220; disabled_on=&#8220;on|on|off&#8220; _builder_version=&#8220;4.21.0&#8243; background_size=&#8220;initial&#8220; background_position=&#8220;top_left&#8220; background_repeat=&#8220;repeat&#8220; max_width=&#8220;40px&#8220; module_alignment=&#8220;left&#8220; custom_margin=&#8220;||10px|&#8220; animation_style=&#8220;zoom&#8220; animation_direction=&#8220;left&#8220; global_module=&#8220;1979&#8243; saved_tabs=&#8220;all&#8220; locked=&#8220;off&#8220; global_colors_info=&#8220;{}&#8220;][\/et_pb_divider][et_pb_text _builder_version=&#8220;4.21.0&#8243; _module_preset=&#8220;default&#8220; global_colors_info=&#8220;{}&#8220;]<\/p>\n<p>Wie jedes Jahr sind die Themen auf dem cimoio-Awendertreffen so breit gestreut wie die Kunden, f\u00fcr die wir die vorgestellten L\u00f6sungen entwickelt haben.<\/p>\n<p>Aus gr\u00f6\u00dferer Distanz betrachtet, fallen die Vortr\u00e4ge in drei Kategorien:<\/p>\n<ul>\n<li>Frontend &#8211; Alle Vortr\u00e4ge, die Verbesserungen &#8211; sowohl funktional als auch <span>\u201e<\/span>kosmetisch&#8220; &#8211; an der Oberfl\u00e4che betreffen.<\/li>\n<li>Backend &#8211; Alle Vortr\u00e4ge, die die Verbesserungen oder Erg\u00e4nzungen zu vorhandenen Funktionen oder auch Neuentwicklungen betreffen<\/li>\n<li>Unternehmen &#8211; Alle Vortr\u00e4ge, die strategische oder taktische Unternehmensentscheidungen zum Inhalt hatten, die sich nicht notwendigerweise in Funktionen oder <span>\u201e<\/span>Versch\u00f6nerungen&#8220; niederschlagen.<\/li>\n<\/ul>\n<p>In diesen Gruppen geben wir Ihnen gerne einen \u00dcberblick \u00fcber die Inhalte!<\/p>\n<p>[\/et_pb_text][\/et_pb_column][\/et_pb_row][et_pb_row _builder_version=&#8220;4.20.4&#8243; _module_preset=&#8220;default&#8220; locked=&#8220;off&#8220; global_colors_info=&#8220;{}&#8220;][et_pb_column type=&#8220;4_4&#8243; _builder_version=&#8220;4.20.4&#8243; _module_preset=&#8220;default&#8220; global_colors_info=&#8220;{}&#8220;][et_pb_text _builder_version=&#8220;4.21.0&#8243; _module_preset=&#8220;default&#8220; global_colors_info=&#8220;{}&#8220;]<\/p>\n<h3>Frontend Vortr\u00e4ge<\/h3>\n<p>[\/et_pb_text][et_pb_divider color=&#8220;#29c4a9&#8243; divider_weight=&#8220;4px&#8220; disabled_on=&#8220;on|on|off&#8220; _builder_version=&#8220;4.21.0&#8243; background_size=&#8220;initial&#8220; background_position=&#8220;top_left&#8220; background_repeat=&#8220;repeat&#8220; max_width=&#8220;40px&#8220; module_alignment=&#8220;left&#8220; custom_margin=&#8220;||10px|&#8220; animation_style=&#8220;zoom&#8220; animation_direction=&#8220;left&#8220; global_module=&#8220;1979&#8243; saved_tabs=&#8220;all&#8220; locked=&#8220;off&#8220; global_colors_info=&#8220;{}&#8220;][\/et_pb_divider][et_pb_text _builder_version=&#8220;4.22.1&#8243; _module_preset=&#8220;default&#8220; global_colors_info=&#8220;{}&#8220;]<\/p>\n<p><strong>Veranstalteroberfl\u00e4che 4.0<\/strong><\/p>\n<p>Wie schon erw\u00e4hnt, wurde den Teilnehmenden die neue Oberfl\u00e4che f\u00fcr das Major Release 4.0 vorgestellt. In einem Workshop konnte dann am n\u00e4chsten Tag auch Feedback dazu gegeben werden.<\/p>\n<p><strong>Redesign der Lernplattform<\/strong><\/p>\n<p>Das Team Vertriebsqualifizierung des Kunden <a href=\"https:\/\/www.zurich.de\/\" target=\"_blank\" rel=\"noopener\" title=\"Webseite der Z\u00fcrich Versicherung\">Z\u00fcrich Versicherung<\/a> hat sich unseren Katalog und die Seiten f\u00fcr die Lernenden von einer Designagentur auf ihr Corporate Identity ma\u00dfschneidern lassen. Ziel war dabei ganz konkret auf eine &#8222;Mobile First&#8220; Philosophie einzuschwenken, um sicherzustellen, dass auch auf Mobile Devices die &#8222;Learner Experience&#8220; (zu Deutsch: <span>\u201e<\/span>Anwendungserlebnis der Lernenden&#8220;) noch gro\u00dfartiger wird, als es das jetzt schon ist. Denn wir entwickeln cimoio ohnehin in &#8222;Responsive Design&#8220; (zu deutsch etwa: &#8222;sich anpassendes Design&#8220;). So funktioniert das cimoio Design auf Gr\u00e4ten jeglicher Gr\u00f6\u00dfe. Nur, dass wir Desktop-Computer in den Vordergrund stellen.<\/p>\n<p><strong>Konfigurierbare Startseite<\/strong><\/p>\n<p>Die Startseite des Online-Auftritts ist als Zugang zum Katalog &#8211; ob im Intranet oder Internet &#8211; das Aush\u00e4ngeschild eines Bildungsteams. Deshalb haben unsere Kunden auch immer wieder Anpassungsw\u00fcnsche, um sich ihrem perfekten Ideal anzun\u00e4hern. Damit sie auf dem Weg zu diesem Ziel noch schneller werden, haben wir ihnen die Startseite jetzt als einen Baukasten zum selbst-konfigurieren vorbereitet. So kann jetzt jeder Kunde, wenn er das m\u00f6chte, jederzeit seine Bilder austauschen, seine Links und Texte \u00e4ndern, ganz wie sie es brauchen.<\/p>\n<p>&nbsp;<\/p>\n<p>[\/et_pb_text][\/et_pb_column][\/et_pb_row][et_pb_row _builder_version=&#8220;4.20.4&#8243; _module_preset=&#8220;default&#8220; locked=&#8220;off&#8220; global_colors_info=&#8220;{}&#8220;][et_pb_column type=&#8220;4_4&#8243; _builder_version=&#8220;4.20.4&#8243; _module_preset=&#8220;default&#8220; global_colors_info=&#8220;{}&#8220;][et_pb_text _builder_version=&#8220;4.21.0&#8243; _module_preset=&#8220;default&#8220; global_colors_info=&#8220;{}&#8220;]<\/p>\n<h3>Backend Vortr\u00e4ge<\/h3>\n<p>[\/et_pb_text][et_pb_divider color=&#8220;#29c4a9&#8243; divider_weight=&#8220;4px&#8220; disabled_on=&#8220;on|on|off&#8220; _builder_version=&#8220;4.21.0&#8243; background_size=&#8220;initial&#8220; background_position=&#8220;top_left&#8220; background_repeat=&#8220;repeat&#8220; max_width=&#8220;40px&#8220; module_alignment=&#8220;left&#8220; custom_margin=&#8220;||10px|&#8220; animation_style=&#8220;zoom&#8220; animation_direction=&#8220;left&#8220; global_module=&#8220;1979&#8243; saved_tabs=&#8220;all&#8220; locked=&#8220;off&#8220; global_colors_info=&#8220;{}&#8220;][\/et_pb_divider][et_pb_text _builder_version=&#8220;4.22.1&#8243; _module_preset=&#8220;default&#8220; global_colors_info=&#8220;{}&#8220;]<\/p>\n<p><strong>Prozesseinf\u00fchrung <span>\u201e<\/span>Von der Gespr\u00e4chsnotiz zum Angebot&#8220;<\/strong><\/p>\n<p>Wie schon weiter oben ausgef\u00fchrt, hat die Sparkassenakademie sich den Prozess zur Kommunikation mit ihren externen Kunden digitalisieren lassen und diesen vorgestellt.<\/p>\n<p><strong>Prozesseinf\u00fchrung <span>\u201e<\/span>Reisekostenabrechnung&#8220;<\/strong><\/p>\n<p>Das Kerngesch\u00e4ft eines unserer Kunden ist es, <a href=\"\/cms\/cimoio-und-module\/basismodul\/#anchor3-basismodul-trainingsveranstaltung\" title=\"Mehr Informationen zu Veranstaltungen\">Veranstaltungen<\/a> zu organisieren, bei denen freiwillige Teilnehmerinnen und Teilnehmer helfen, Pr\u00fcfungen zu erstellen. Das ist mit erheblichem Reiseaufwand verbunden. Um diesen effizient abzuarbeiten, wurden Prozesse gestaltet, die die Reisekostenabrechnung digitalisiert und sowohl Teilnehmerinnen und Teilnehmer als auch die Mitarbeitenden des Kunden entlastet. Nat\u00fcrlich gibt es daf\u00fcr spezielle Einzel-Software-L\u00f6sungen, aber die Kombination mit cimoio als Trainingsmanagementsoftware (TMS) zur Planung und Verwaltung ihrer Veranstaltungen hat unseren Kunden von uns \u00fcberzeugt.<\/p>\n<p><strong>Prozesseinf\u00fchrung <span>\u201e<\/span>Automatische Einladung&#8220;<\/strong><\/p>\n<p>Der dritte Bericht \u00fcber die Digitalisierung und in diesem Fall auch volle Automatisierung eines Prozesses: die <span>\u201e<\/span>automatische Einladung&#8220;. Zu ber\u00fccksichtigen sind zu verschiedenen Zeitpunkten verschiedene Pr\u00fcffragen, wie z. B. ist die Mindestteilnehmerzahl erreicht? Wurde eine Trainerin oder ein Trainer zugeordnet? Ist ein Raum reserviert? Und weitere Fragen. Sind diese positiv gepr\u00fcft, sendet der Prozess am Ende automatisiert Mail-Einladungen an die Teilnehmenden. Wird jedoch eine Pr\u00fcfung nicht erfolgreich durchgef\u00fchrt, wird die verantwortliche Person informiert, dass es dringende Aufgaben zu erledigen gibt.<\/p>\n<p>Gerade diese Aufgabe ist gut automatisierbar, wenn bekannt ist, wann welches Kriterium gepr\u00fcft werden muss und wie.<\/p>\n<p><strong>Praxisbericht <span>\u201e<\/span>Einf\u00fchrung Microsoft Graph-API zur Kalenderpflege&#8220;<\/strong><\/p>\n<p>Die meisten Kundinnen und Kunden verschicken aktuell Mails mit ics-Anh\u00e4ngen, damit eine teilnehmende Person selbst entscheiden kann, ob sie sich den Termin in den Kalender eintr\u00e4gt oder nicht. Ein Kunde hatte aber den Wunsch, das selbst in die Hand zu nehmen und sicherzustellen, dass Teilnehmende ihren Termin nicht vers\u00e4umen (gerade bei Pflicht-Trainings gelegentlich ein Thema). Darum benutzen sie die Graph-API von Microsoft, um Termine direkt in den Kalender einzutragen.<\/p>\n<p>Daf\u00fcr mussten hohe H\u00fcrden mit der IT und dem Datenschutz genommen werden, weil die Graph-API recht weitgehende Rechte fordert, um einen solchen Vorgang durchzuf\u00fchren.<\/p>\n<p><strong>Refresher <span>\u201e<\/span>Wie kann f\u00fcr Teilnehmer in cimoio eine Buchung entstehen?&#8220;<\/strong><\/p>\n<p>Selbstverst\u00e4ndlich kann man in cimoio die Teilnehmer-Buchung \u00fcber den Katalog anlegen oder auch durch Sachbearbeiter. Aber es gibt weitere Wege, wie Buchungsvorschl\u00e4ge oder automatische Buchungen aus einem Qualifikationsbedarf. Es ist auch m\u00f6glich, dass eine Person auf einen Lernplan gebucht wurde, der aber auch die Teilnahme an termingebundenen Veranstaltungen voraussetzt. Diese k\u00f6nnen automatisch zugeordnet werden. Das birgt die Gefahr, dass angemeldete Personen dadurch Termin\u00fcberschneidungen haben und sich ummelden m\u00fcssen. Das ist eine besonders gro\u00dfe Gefahr bei komplexen Schichtpl\u00e4nen. Diese k\u00f6nnen wir aber mit cimoio auslesen und sicherstellen, sodass die Durchf\u00fchrungszeit der Veranstaltung und Schicht zusammen passen. Oder die Teilnehmenden k\u00f6nnen die Termine nach und nach selbst buchen.<\/p>\n<p>Dieser Vortrag sollte den Teilnehmenden nochmal die Vielzahl der Buchungsm\u00f6glichkeiten vor Augen f\u00fchren.<\/p>\n<p><strong>QR-Code Scan z. B. f\u00fcr Check-In und Check-Out<\/strong><\/p>\n<p>Nat\u00fcrlich kann man Teilnehmerlisten noch immer von Hand f\u00fchren. Oder sie laden sich cimoio auf ein mobiles Endger\u00e4t und scannen die QR-Codes auf den Einladungen der Teilnehmerinnen und Teilnehmer und best\u00e4tigen so automatisiert das Kommen und Gehen vergleichbar mit einer Stempeluhr.<\/p>\n<p><strong>E-Mail-Empfang<\/strong><\/p>\n<p>Technisch ist es schon immer m\u00f6glich gewesen, aber aus verschiedenen Gr\u00fcnden lange Zeit nicht umgesetzt worden: der Empfang von Mails mit cimoio. Die gro\u00dfe Herausforderung ist die Zuordnung zu einem Objekt im System, damit sie nicht verloren geht. Diese Zuordnung ist nun unter Einhaltung von Rahmenbedingungen m\u00f6glich und somit der Empfang und die automatische Ablage von Mails als Dokument.<\/p>\n<p>&nbsp;<\/p>\n<p>[\/et_pb_text][\/et_pb_column][\/et_pb_row][et_pb_row _builder_version=&#8220;4.20.4&#8243; _module_preset=&#8220;default&#8220; locked=&#8220;off&#8220; global_colors_info=&#8220;{}&#8220;][et_pb_column type=&#8220;4_4&#8243; _builder_version=&#8220;4.20.4&#8243; _module_preset=&#8220;default&#8220; global_colors_info=&#8220;{}&#8220;][et_pb_text _builder_version=&#8220;4.21.0&#8243; _module_preset=&#8220;default&#8220; global_colors_info=&#8220;{}&#8220;]<\/p>\n<h3>Unternehmens Vortr\u00e4ge<\/h3>\n<p>[\/et_pb_text][et_pb_divider color=&#8220;#29c4a9&#8243; divider_weight=&#8220;4px&#8220; disabled_on=&#8220;on|on|off&#8220; _builder_version=&#8220;4.21.0&#8243; background_size=&#8220;initial&#8220; background_position=&#8220;top_left&#8220; background_repeat=&#8220;repeat&#8220; max_width=&#8220;40px&#8220; module_alignment=&#8220;left&#8220; custom_margin=&#8220;||10px|&#8220; animation_style=&#8220;zoom&#8220; animation_direction=&#8220;left&#8220; global_module=&#8220;1979&#8243; saved_tabs=&#8220;all&#8220; locked=&#8220;off&#8220; global_colors_info=&#8220;{}&#8220;][\/et_pb_divider][et_pb_text _builder_version=&#8220;4.22.1&#8243; _module_preset=&#8220;default&#8220; global_colors_info=&#8220;{}&#8220;]<\/p>\n<p><strong>ISO-Zertifizierung 27001<\/strong><\/p>\n<p>Unser Standbein in der Luftfahrt-Branche mit cimoio aero macht es nun unumg\u00e4nglich: Wir planen in den n\u00e4chsten 12 Monaten uns zertifizieren zu lassen.<\/p>\n<p><strong>App-Entwicklung<\/strong><\/p>\n<p>Der Wunsch, einen zentralen und dem aktuellen Zeitgeist entsprechenden Platz auf dem Handy der Kundinnen und Kunden einzunehmen, f\u00fchrt dazu, dass wir uns entschieden haben, in die Cross Platform-App-Entwicklung zu investieren.<\/p>\n<p><b>Release-Planung<\/b><\/p>\n<p>Wie zuvor schon beschrieben, ver\u00f6ffentlichen wir in diesem Jahr noch in kurzer Folge das Minor Release 3.9.5 und danach das Major Release 4.0<\/p>\n<p><strong>Trainings und Workshops<\/strong><\/p>\n<p>Wir haben festgestellt, dass unsere Kundinnen und Kunden vermehrt auch bereit sind, in ihre eigene Bildung zu investieren. So k\u00f6nnen sie ihre Effizienz im Umgang mit cimoio steigern. Daher bieten wir zu komplexen Fokusthemen <a href=\"\/cms\/cimoio-webinare-und-trainings-fuer-2023-2024\/\" title=\"cimoio Webinare und Trainings f\u00fcr 2023\/2024\">gestaffelte Vertiefungstrainings<\/a> an. Au\u00dferdem machten wir nochmal darauf aufmerksam, dass vom Basis- bis zum Spezial-Training auch mit Fokus auf das jeweilige Gesch\u00e4ftsmodell und des Bedarfs sowie dessen customizing alles bestellt werden kann.<\/p>\n<p><strong>Zusammenfassung im Herbst<\/strong><\/p>\n<p>Nach den Sommerferien werden wir, wie im Vorjahr, nochmal eine komprimierte Kurzvorstellung der Themen f\u00fcr Kundinnen und Kunden machen, die keine M\u00f6glichkeit hatten, bei der Pr\u00e4senzveranstaltung dabei zu sein.<\/p>\n<p>[\/et_pb_text][\/et_pb_column][\/et_pb_row][\/et_pb_section][et_pb_section fb_built=&#8220;1&#8243; _builder_version=&#8220;4.20.4&#8243; _module_preset=&#8220;74e3c6fb-647a-49bb-96a6-4a121c7b7aae&#8220; global_colors_info=&#8220;{}&#8220;][et_pb_row _builder_version=&#8220;4.20.4&#8243; _module_preset=&#8220;default&#8220; custom_padding=&#8220;27px|||||&#8220; global_colors_info=&#8220;{}&#8220;][et_pb_column type=&#8220;4_4&#8243; _builder_version=&#8220;4.20.4&#8243; _module_preset=&#8220;default&#8220; global_colors_info=&#8220;{}&#8220;][et_pb_text _builder_version=&#8220;4.21.0&#8243; _module_preset=&#8220;6aefb096-509e-4f36-a71e-e71a8d1d6284&#8243; global_colors_info=&#8220;{}&#8220;]<\/p>\n<h2>Abendveranstaltung beim cimoio Anwendertreffen 2023<\/h2>\n<p>[\/et_pb_text][et_pb_divider color=&#8220;#29c4a9&#8243; divider_weight=&#8220;4px&#8220; disabled_on=&#8220;on|on|off&#8220; _builder_version=&#8220;4.21.0&#8243; background_size=&#8220;initial&#8220; background_position=&#8220;top_left&#8220; background_repeat=&#8220;repeat&#8220; max_width=&#8220;40px&#8220; module_alignment=&#8220;left&#8220; custom_margin=&#8220;||10px|&#8220; animation_style=&#8220;zoom&#8220; animation_direction=&#8220;left&#8220; global_module=&#8220;1979&#8243; saved_tabs=&#8220;all&#8220; locked=&#8220;off&#8220; global_colors_info=&#8220;{}&#8220;][\/et_pb_divider][et_pb_text _builder_version=&#8220;4.22.1&#8243; _module_preset=&#8220;6aefb096-509e-4f36-a71e-e71a8d1d6284&#8243; global_colors_info=&#8220;{}&#8220;]<\/p>\n<p>Die Tradition &#8211; und nat\u00fcrlich das 20-j\u00e4hrige Jubil\u00e4um! &#8211; gebietet es, den Teilnehmenden auch abends Unterhaltung zu bieten. Dazu geh\u00f6rt vor allem auch die Chance auf gepflegten Austausch. Aber nat\u00fcrlich auch ein wenig Kultur und ein gutes Abendessen.<\/p>\n<p>Auf bisherigen Anwendertreffen haben wir in den vergangenen 15 Jahren die <a href=\"https:\/\/weissenhofmuseum.de\/\" target=\"_blank\" rel=\"noopener\" title=\"Informationen zum Weissenhof Museum\">Weissenhof Siedlung<\/a> besichtigt oder die <a href=\"https:\/\/www.stuttgarter-staeffelestour.de\/\" target=\"_blank\" rel=\"noopener\" title=\"Informationen zur St\u00e4ffeles F\u00fchrung in Stuttgart\">in Stuttgart obligatorische St\u00e4ffeles-F\u00fchrung gemacht<\/a>. Wir haben uns gemeinsam mit den Teilnehmenden die Ausstellung im <a href=\"https:\/\/www.its-projekt.de\/\" target=\"_blank\" rel=\"noopener\" title=\"Informationen des Info Turms Stuttgart\">Info Turm Stuttgart (ITS)<\/a> angesehen und eine Banksy-F\u00fchrung in der <a href=\"https:\/\/www.staatsgalerie.de\/\" target=\"_blank\" rel=\"noopener\" title=\"Informationen zur Staatsgalerie in Stuttgart\">Staatsgalerie<\/a> mitgemacht. Danach sind wir dann gem\u00fctlich zum Abendessen gegangen.<\/p>\n<p>F\u00fcr unser Jubil\u00e4um haben wir also etwas Besonderes gesucht und sind beim <a href=\"https:\/\/neckar-kaeptn.de\/\" target=\"_blank\" rel=\"noopener\" title=\"Informationen zu Touren und Events des Neckar K\u00e4pt'n's\">Neckar K\u00e4pt&#8217;n<\/a> gelandet und haben die MS Wilhelma f\u00fcr Abendessen und eine Bootsfahrt auf dem Neckar gechartert. Aber das Schicksal hatte andere Pl\u00e4ne: Ein Motorschaden sorgte daf\u00fcr, dass die MS Wilhelma nicht ablegen konnte. Souver\u00e4n hat das Team des Neckar K\u00e4pt&#8217;n daf\u00fcr gesorgt, dass wir auf der MS Wilhelma unser Abendessen bis zum Sonnenuntergang genossen und dann auf den Neckarbesen umsiedelten, mit dem wir dann bis etwa zur H\u00f6he des Max-Eyth-See fuhren.<\/p>\n<p>Soweit wir das vom Feedback her beurteilen k\u00f6nnen, waren unsere Teilnehmenden vom Service und der Fahrt sehr angetan.<\/p>\n<p>[\/et_pb_text][\/et_pb_column][\/et_pb_row][\/et_pb_section][et_pb_section fb_built=&#8220;1&#8243; _builder_version=&#8220;4.20.4&#8243; _module_preset=&#8220;default&#8220; global_colors_info=&#8220;{}&#8220;][et_pb_row _builder_version=&#8220;4.20.4&#8243; _module_preset=&#8220;default&#8220; global_colors_info=&#8220;{}&#8220;][et_pb_column type=&#8220;4_4&#8243; _builder_version=&#8220;4.20.4&#8243; _module_preset=&#8220;default&#8220; global_colors_info=&#8220;{}&#8220;][et_pb_text _builder_version=&#8220;4.21.0&#8243; _module_preset=&#8220;default&#8220; global_colors_info=&#8220;{}&#8220;]<\/p>\n<h2>Die Workshops des 15. cimoio Anwendertreffens<\/h2>\n<p>[\/et_pb_text][et_pb_divider color=&#8220;#29c4a9&#8243; divider_weight=&#8220;4px&#8220; disabled_on=&#8220;on|on|off&#8220; _builder_version=&#8220;4.21.0&#8243; background_size=&#8220;initial&#8220; background_position=&#8220;top_left&#8220; background_repeat=&#8220;repeat&#8220; max_width=&#8220;40px&#8220; module_alignment=&#8220;left&#8220; custom_margin=&#8220;||10px|&#8220; animation_style=&#8220;zoom&#8220; animation_direction=&#8220;left&#8220; global_module=&#8220;1979&#8243; saved_tabs=&#8220;all&#8220; locked=&#8220;off&#8220; global_colors_info=&#8220;{}&#8220;][\/et_pb_divider][et_pb_text _builder_version=&#8220;4.21.0&#8243; _module_preset=&#8220;default&#8220; global_colors_info=&#8220;{}&#8220;]<\/p>\n<p>Die Workshop-Vorschl\u00e4ge f\u00fcr das cimoio Anwendertreffen 2023 lauteten:<\/p>\n<ul>\n<li>Prozessmodelle<\/li>\n<li>App-Entwicklung<\/li>\n<li>Release 4.0<\/li>\n<li>Luftfahrt-\/Lufthansa-Austausch<\/li>\n<\/ul>\n<p>Nachdem wir allerdings schon angek\u00fcndigt hatten, aus Eigeninteresse st\u00e4rker in die Entwicklung einer Cross Platform App zu investieren, fand dieses Thema nicht mehr so viele Interessenten.<\/p>\n<p>Daf\u00fcr wurde uns allerdings ein Thema von den Kunden vorgeschlagen, an dem wir ehrlicherweise auch schon begonnen haben zu forschen, das wir aber noch nicht f\u00fcr spruchreif befanden.<\/p>\n<p>Aber das Thema <span>\u201ek<\/span>\u00fcnstliche Intelligenz&#8220; (KI) ist aktuell ein so hei\u00dfes Buzz-Thema, dass unsere Kunden das Anwendertreffen nicht verstreichen lassen wollten, ohne mit uns \u00fcber M\u00f6glichkeiten und Grenzen der Integration in cimoio zu sprechen.<\/p>\n<p>Kurze Zusammenfassungen der Workshops im Folgenden.<\/p>\n<p>[\/et_pb_text][\/et_pb_column][\/et_pb_row][et_pb_row _builder_version=&#8220;4.20.4&#8243; _module_preset=&#8220;default&#8220; locked=&#8220;off&#8220; global_colors_info=&#8220;{}&#8220;][et_pb_column type=&#8220;4_4&#8243; _builder_version=&#8220;4.20.4&#8243; _module_preset=&#8220;default&#8220; global_colors_info=&#8220;{}&#8220;][et_pb_text _builder_version=&#8220;4.21.0&#8243; _module_preset=&#8220;default&#8220; global_colors_info=&#8220;{}&#8220;]<\/p>\n<h3>Release 4.0<\/h3>\n<p>[\/et_pb_text][et_pb_divider color=&#8220;#29c4a9&#8243; divider_weight=&#8220;4px&#8220; disabled_on=&#8220;on|on|off&#8220; _builder_version=&#8220;4.21.0&#8243; background_size=&#8220;initial&#8220; background_position=&#8220;top_left&#8220; background_repeat=&#8220;repeat&#8220; max_width=&#8220;40px&#8220; module_alignment=&#8220;left&#8220; custom_margin=&#8220;||10px|&#8220; animation_style=&#8220;zoom&#8220; animation_direction=&#8220;left&#8220; global_module=&#8220;1979&#8243; saved_tabs=&#8220;all&#8220; locked=&#8220;off&#8220; global_colors_info=&#8220;{}&#8220;][\/et_pb_divider][et_pb_text _builder_version=&#8220;4.21.0&#8243; _module_preset=&#8220;default&#8220; global_colors_info=&#8220;{}&#8220;]<\/p>\n<p>Seit l\u00e4ngerem angek\u00fcndigt und nun bald fertig f\u00fcr ein Release &#8211; um pr\u00e4zise zu sein: unser n\u00e4chstes Major Release &#8211; die Anpassungen der Oberfl\u00e4che f\u00fcr Veranstalterinnen und Veranstalter.<\/p>\n<p>In diesem Workshop wurde der Prototyp mit den neuen Sichten, der neuen Benutzerf\u00fchrung, Icons und Oberfl\u00e4chenanordnung mit den Kundinnen und Kunden durchgesprochen. Dabei bestand f\u00fcr die Teilnehmenden die M\u00f6glichkeit, ihre Ideen und Verbesserungsvorschl\u00e4ge einzubringen. Aber auch die Chance, zu loben &#8211; und das taten Sie nicht zu knapp.<\/p>\n<p>Mehrere meldeten sich sofort als Early Adopter, um die neue Oberfl\u00e4che m\u00f6glichst fr\u00fch nutzen zu k\u00f6nnen.<\/p>\n<p>[\/et_pb_text][\/et_pb_column][\/et_pb_row][et_pb_row _builder_version=&#8220;4.20.4&#8243; _module_preset=&#8220;default&#8220; locked=&#8220;off&#8220; global_colors_info=&#8220;{}&#8220;][et_pb_column type=&#8220;4_4&#8243; _builder_version=&#8220;4.20.4&#8243; _module_preset=&#8220;default&#8220; global_colors_info=&#8220;{}&#8220;][et_pb_text _builder_version=&#8220;4.21.0&#8243; _module_preset=&#8220;default&#8220; global_colors_info=&#8220;{}&#8220;]<\/p>\n<h3>Prozessmodelle<\/h3>\n<p>[\/et_pb_text][et_pb_divider color=&#8220;#29c4a9&#8243; divider_weight=&#8220;4px&#8220; disabled_on=&#8220;on|on|off&#8220; _builder_version=&#8220;4.21.0&#8243; background_size=&#8220;initial&#8220; background_position=&#8220;top_left&#8220; background_repeat=&#8220;repeat&#8220; max_width=&#8220;40px&#8220; module_alignment=&#8220;left&#8220; custom_margin=&#8220;||10px|&#8220; animation_style=&#8220;zoom&#8220; animation_direction=&#8220;left&#8220; global_module=&#8220;1979&#8243; saved_tabs=&#8220;all&#8220; locked=&#8220;off&#8220; global_colors_info=&#8220;{}&#8220;][\/et_pb_divider][et_pb_text _builder_version=&#8220;4.21.0&#8243; _module_preset=&#8220;default&#8220; global_colors_info=&#8220;{}&#8220;]<\/p>\n<p>Trotzdem die Wellen von Prozessautomatisierung und Digitalisierung schon \u00fcber viele Branchen &#8211; teilweise mehrfach &#8211; hinweggefegt sind, ist der Druck im Bildungssektor teils auch durch Corona in den letzten Jahren besonders gestiegen.<br \/>Dabei geht es einerseits um die Erh\u00f6hung der Produktivit\u00e4t durch mehr Geschwindigkeit, aber auch um die Automatisierung von Aufgaben mit geringem Mehrwert. So sollen die Sachbearbeiterinnen und Sachbearbeiter f\u00fcr Aufgaben entlastet werden, wie: mehr Kontakt mit der Kundschaft und Optimierung der Auslastung,<\/p>\n<p>cimoio hat schon seit mehreren Jahren die M\u00f6glichkeit, Prozesse auf verschiedenen Wegen zu digitalisieren und zu automatisieren. Bis zur Corona-Pandemie war die Nachfrage nach diesen Methoden aber \u00fcberschaubar. Als in den letzten Jahren klar wurde, dass hier noch einiges an Potential herauszuholen ist, steigt die Nachfrage aktuell drastisch.<\/p>\n<p>Im Moment betreut eine Kollegin dediziert Kundinnen und Kunden mit Interesse an den verschiedenen Wegen. Sie betreut diese insbesondere bei der Planung und Einf\u00fchrung unserer BPMN-Processengine, die Prozesse sehr transparent und leicht verst\u00e4ndlich automatisieren kann. \u00dcber die M\u00f6glichkeiten und Grenzen dieser Technologie wurde in diesem Workshop diskutiert.<\/p>\n<p>Sie diskutierten ebenso \u00fcber die Voraussetzung daf\u00fcr: das die Prozesse vorzugsweise schon dokumentiert vorliegen. So kann man diese effektiv und effizient analysieren und optimieren, bevor man an ihre Automatisierung geht.<\/p>\n<p>[\/et_pb_text][\/et_pb_column][\/et_pb_row][et_pb_row _builder_version=&#8220;4.20.4&#8243; _module_preset=&#8220;default&#8220; locked=&#8220;off&#8220; global_colors_info=&#8220;{}&#8220;][et_pb_column type=&#8220;4_4&#8243; _builder_version=&#8220;4.20.4&#8243; _module_preset=&#8220;default&#8220; global_colors_info=&#8220;{}&#8220;][et_pb_text _builder_version=&#8220;4.21.0&#8243; _module_preset=&#8220;default&#8220; global_colors_info=&#8220;{}&#8220;]<\/p>\n<h3>K\u00fcnstliche Intelligenz<\/h3>\n<p>[\/et_pb_text][et_pb_divider color=&#8220;#29c4a9&#8243; divider_weight=&#8220;4px&#8220; disabled_on=&#8220;on|on|off&#8220; _builder_version=&#8220;4.21.0&#8243; background_size=&#8220;initial&#8220; background_position=&#8220;top_left&#8220; background_repeat=&#8220;repeat&#8220; max_width=&#8220;40px&#8220; module_alignment=&#8220;left&#8220; custom_margin=&#8220;||10px|&#8220; animation_style=&#8220;zoom&#8220; animation_direction=&#8220;left&#8220; global_module=&#8220;1979&#8243; saved_tabs=&#8220;all&#8220; locked=&#8220;off&#8220; global_colors_info=&#8220;{}&#8220;][\/et_pb_divider][et_pb_text _builder_version=&#8220;4.22.1&#8243; _module_preset=&#8220;default&#8220; global_colors_info=&#8220;{}&#8220;]<\/p>\n<p>Diskutiert wurden die verschiedenen Varianten von <a href=\"https:\/\/de.wikipedia.org\/wiki\/K%C3%BCnstliche_Intelligenz\" target=\"_blank\" rel=\"noopener\" title=\"Wikipedia-Eintrag zu K\u00fcnstlicher Intelligenz\">k\u00fcnstlicher Intelligenz<\/a> und wie diese eingesetzt werden k\u00f6nnen:<\/p>\n<ul>\n<li>Praktische Fragen:\n<ul>\n<li>Wie lernt eine KI &#8211; initial und im weiteren Verlauf?\n<ul>\n<li>Reicht das eigene Datenmaterial f\u00fcr eine erste Version?<\/li>\n<\/ul>\n<\/li>\n<li>Wie wird das dokumentiert &#8211; z. B. um auch nachtr\u00e4glich korrigierend einzugreifen?<\/li>\n<li>Unterschied zu <span>\u201e<\/span>einfachen&#8220; Algorithmen<\/li>\n<li>Braucht cimoio eine <span>\u201e<\/span>eigene&#8220; KI oder reicht es, externe KIs einzubinden?<\/li>\n<\/ul>\n<\/li>\n<li>Was f\u00fcr Aufgaben k\u00f6nnte eine KI \u00fcbernehmen?\n<ul>\n<li>Chatbot f\u00fcr Besucher des Katalogs<\/li>\n<li>Formulierung von Inhalten von <a href=\"\/cms\/cimoio-und-module\/basismodul\/#anchor2-basismodul-trainingsprodukt\" title=\"Mehr Informationen zu Bildungsprodukten in cimoio\">Bildungsprodukten<\/a><\/li>\n<li>Trends vorhersagen &#8211; sowohl basierend auf internen Informationen als auch abgeleitet aus externen Datenquellen<\/li>\n<li>Unterst\u00fctzung im Bildungsplaner zur Erstellung des j\u00e4hrlichen Trainingskalenders<\/li>\n<\/ul>\n<\/li>\n<li>Wo sind Grenzen?\n<ul>\n<li>Beachtung DSGVO<\/li>\n<li>Privatmodus einer KI vs. \u00f6ffentliche Version &#8211; welche darf welche Daten erhalten?<\/li>\n<\/ul>\n<\/li>\n<\/ul>\n<p>[\/et_pb_text][\/et_pb_column][\/et_pb_row][et_pb_row _builder_version=&#8220;4.20.4&#8243; _module_preset=&#8220;default&#8220; locked=&#8220;off&#8220; global_colors_info=&#8220;{}&#8220;][et_pb_column type=&#8220;4_4&#8243; _builder_version=&#8220;4.20.4&#8243; _module_preset=&#8220;default&#8220; global_colors_info=&#8220;{}&#8220;][et_pb_text _builder_version=&#8220;4.21.0&#8243; _module_preset=&#8220;default&#8220; global_colors_info=&#8220;{}&#8220;]<\/p>\n<h3>Luftfahrt-\/Lufthansa-Austausch<\/h3>\n<p>[\/et_pb_text][et_pb_divider color=&#8220;#29c4a9&#8243; divider_weight=&#8220;4px&#8220; disabled_on=&#8220;on|on|off&#8220; _builder_version=&#8220;4.21.0&#8243; background_size=&#8220;initial&#8220; background_position=&#8220;top_left&#8220; background_repeat=&#8220;repeat&#8220; max_width=&#8220;40px&#8220; module_alignment=&#8220;left&#8220; custom_margin=&#8220;||10px|&#8220; animation_style=&#8220;zoom&#8220; animation_direction=&#8220;left&#8220; global_module=&#8220;1979&#8243; saved_tabs=&#8220;all&#8220; locked=&#8220;off&#8220; global_colors_info=&#8220;{}&#8220;][\/et_pb_divider][et_pb_text _builder_version=&#8220;4.22.1&#8243; _module_preset=&#8220;default&#8220; global_colors_info=&#8220;{}&#8220;]<\/p>\n<p>In diesem Workshop tauschten sich die Teilnehmenden aus dem Luftfahrt-Bereich aus \u00fcber die verschiedenen Arten, <a href=\"\/cms\/branchenloesungen\/luftfahrt\/\" title=\"Weiterf\u00fchrende Informationen zu cimoio aero dem LMS f\u00fcr die Luftfahrt-Branche\"><strong>cimoio aero<\/strong><\/a> einzusetzen und wie sich Synergien innerhalb des Konzerns oder auch der Branche generieren lassen.<\/p>\n<p>[\/et_pb_text][\/et_pb_column][\/et_pb_row][\/et_pb_section][et_pb_section fb_built=&#8220;1&#8243; _builder_version=&#8220;4.20.4&#8243; _module_preset=&#8220;74e3c6fb-647a-49bb-96a6-4a121c7b7aae&#8220; global_colors_info=&#8220;{}&#8220;][et_pb_row _builder_version=&#8220;4.20.4&#8243; _module_preset=&#8220;default&#8220; custom_padding=&#8220;27px|||||&#8220; global_colors_info=&#8220;{}&#8220;][et_pb_column type=&#8220;4_4&#8243; _builder_version=&#8220;4.20.4&#8243; _module_preset=&#8220;default&#8220; global_colors_info=&#8220;{}&#8220;][et_pb_text _builder_version=&#8220;4.20.4&#8243; _module_preset=&#8220;6aefb096-509e-4f36-a71e-e71a8d1d6284&#8243; global_colors_info=&#8220;{}&#8220;]<\/p>\n<h2>Sprechen Sie uns an!<\/h2>\n<p>[\/et_pb_text][et_pb_divider color=&#8220;#29c4a9&#8243; divider_weight=&#8220;4px&#8220; disabled_on=&#8220;on|on|off&#8220; _builder_version=&#8220;4.21.0&#8243; background_size=&#8220;initial&#8220; background_position=&#8220;top_left&#8220; background_repeat=&#8220;repeat&#8220; max_width=&#8220;40px&#8220; module_alignment=&#8220;left&#8220; custom_margin=&#8220;||10px|&#8220; animation_style=&#8220;zoom&#8220; animation_direction=&#8220;left&#8220; global_module=&#8220;1979&#8243; saved_tabs=&#8220;all&#8220; locked=&#8220;off&#8220; global_colors_info=&#8220;{}&#8220;][\/et_pb_divider][et_pb_text _builder_version=&#8220;4.22.1&#8243; _module_preset=&#8220;6aefb096-509e-4f36-a71e-e71a8d1d6284&#8243; global_colors_info=&#8220;{}&#8220;]<\/p>\n<p>Wenn Sie sich \u00fcber die Themen unseres Anwendertreffens mit uns unterhalten m\u00f6chten, schicken Sie uns eine E-Mail oder nutzen Sie unser <a href=\"\/cms\/kontakt\/\" target=\"_blank\" rel=\"noopener\" title=\"Kontaktformular f\u00fcr die Software cimoio\">Kontaktformular<\/a>. Wir freuen uns ebenso \u00fcber ihren Kommentar zu unserem Anwendertreffen, wenn Sie dabei waren! Lassen Sie es uns wissen!<\/p>\n<p>[\/et_pb_text][\/et_pb_column][\/et_pb_row][\/et_pb_section]<\/p>\n","protected":false},"excerpt":{"rendered":"<p>Am Mittwoch, den 05.07.2023\u00a0 und Donnerstag, den 06.07.2023 fand das allj\u00e4hrliche cimoio Anwendertreffen der STL GmbH statt. Mit rund 40 Teilnehmerinnen und Teilnehmern von 22 Firmen, mit denen wir zusammenarbeiten, hatten wir einen neuen Teilnehmer-Rekord erreicht. Wie passend f\u00fcr unser Jubil\u00e4umsjahr: Die STL GmbH wurde 2023 20 Jahre alt! Der Veranstaltungsablauf folgte den 15 Jahren [&hellip;]<\/p>\n","protected":false},"author":3,"featured_media":0,"comment_status":"closed","ping_status":"closed","sticky":false,"template":"","format":"standard","meta":{"_et_pb_use_builder":"on","_et_pb_old_content":"","_et_gb_content_width":"","inline_featured_image":false,"footnotes":""},"categories":[123],"tags":[],"class_list":["post-3161","post","type-post","status-publish","format-standard","hentry","category-anwendertreffen"],"yoast_head":"<!-- This site is optimized with the Yoast SEO plugin v27.4 - https:\/\/yoast.com\/product\/yoast-seo-wordpress\/ -->\n<title>cimoio Anwendertreffen 2023 | cimoio<\/title>\n<meta name=\"description\" content=\"Lesen Sie unseren Bericht zu allen Highlights \ud83d\udcab und Neuigkeiten \ud83d\udcf0 vom erfolgreichen cimoio Anwendertreffen 2023.\" \/>\n<meta name=\"robots\" content=\"index, follow, max-snippet:-1, max-image-preview:large, max-video-preview:-1\" \/>\n<link rel=\"canonical\" href=\"https:\/\/www.cimoio.de\/cms\/cimoio-anwendertreffen-2023\/\" \/>\n<meta property=\"og:locale\" content=\"de_DE\" \/>\n<meta property=\"og:type\" content=\"article\" \/>\n<meta property=\"og:title\" content=\"cimoio Anwendertreffen 2023 | cimoio\" \/>\n<meta property=\"og:description\" content=\"Lesen Sie unseren Bericht zu allen Highlights \ud83d\udcab und Neuigkeiten \ud83d\udcf0 vom erfolgreichen cimoio Anwendertreffen 2023.\" \/>\n<meta property=\"og:url\" content=\"https:\/\/www.cimoio.de\/cms\/cimoio-anwendertreffen-2023\/\" \/>\n<meta property=\"og:site_name\" content=\"cimoio\" \/>\n<meta property=\"article:published_time\" content=\"2023-07-12T17:28:58+00:00\" \/>\n<meta property=\"article:modified_time\" content=\"2025-07-09T12:52:36+00:00\" \/>\n<meta name=\"author\" content=\"Lars Metze\" \/>\n<meta name=\"twitter:card\" content=\"summary_large_image\" \/>\n<script type=\"application\/ld+json\" class=\"yoast-schema-graph\">{\"@context\":\"https:\\\/\\\/schema.org\",\"@graph\":[{\"@type\":\"Article\",\"@id\":\"https:\\\/\\\/www.cimoio.de\\\/cms\\\/cimoio-anwendertreffen-2023\\\/#article\",\"isPartOf\":{\"@id\":\"https:\\\/\\\/www.cimoio.de\\\/cms\\\/cimoio-anwendertreffen-2023\\\/\"},\"author\":{\"name\":\"Lars Metze\",\"@id\":\"https:\\\/\\\/www.cimoio.de\\\/cms\\\/#\\\/schema\\\/person\\\/b397c26c477ee0788e09ab9340760f00\"},\"headline\":\"cimoio Anwendertreffen 2023\",\"datePublished\":\"2023-07-12T17:28:58+00:00\",\"dateModified\":\"2025-07-09T12:52:36+00:00\",\"mainEntityOfPage\":{\"@id\":\"https:\\\/\\\/www.cimoio.de\\\/cms\\\/cimoio-anwendertreffen-2023\\\/\"},\"wordCount\":5056,\"publisher\":{\"@id\":\"https:\\\/\\\/www.cimoio.de\\\/cms\\\/#organization\"},\"articleSection\":[\"Anwendertreffen\"],\"inLanguage\":\"de\"},{\"@type\":\"WebPage\",\"@id\":\"https:\\\/\\\/www.cimoio.de\\\/cms\\\/cimoio-anwendertreffen-2023\\\/\",\"url\":\"https:\\\/\\\/www.cimoio.de\\\/cms\\\/cimoio-anwendertreffen-2023\\\/\",\"name\":\"cimoio Anwendertreffen 2023 | cimoio\",\"isPartOf\":{\"@id\":\"https:\\\/\\\/www.cimoio.de\\\/cms\\\/#website\"},\"datePublished\":\"2023-07-12T17:28:58+00:00\",\"dateModified\":\"2025-07-09T12:52:36+00:00\",\"description\":\"Lesen Sie unseren Bericht zu allen Highlights \ud83d\udcab und Neuigkeiten \ud83d\udcf0 vom erfolgreichen cimoio Anwendertreffen 2023.\",\"breadcrumb\":{\"@id\":\"https:\\\/\\\/www.cimoio.de\\\/cms\\\/cimoio-anwendertreffen-2023\\\/#breadcrumb\"},\"inLanguage\":\"de\",\"potentialAction\":[{\"@type\":\"ReadAction\",\"target\":[\"https:\\\/\\\/www.cimoio.de\\\/cms\\\/cimoio-anwendertreffen-2023\\\/\"]}]},{\"@type\":\"BreadcrumbList\",\"@id\":\"https:\\\/\\\/www.cimoio.de\\\/cms\\\/cimoio-anwendertreffen-2023\\\/#breadcrumb\",\"itemListElement\":[{\"@type\":\"ListItem\",\"position\":1,\"name\":\"Home\",\"item\":\"https:\\\/\\\/www.cimoio.de\\\/cms\\\/\"},{\"@type\":\"ListItem\",\"position\":2,\"name\":\"cimoio Anwendertreffen 2023\"}]},{\"@type\":\"WebSite\",\"@id\":\"https:\\\/\\\/www.cimoio.de\\\/cms\\\/#website\",\"url\":\"https:\\\/\\\/www.cimoio.de\\\/cms\\\/\",\"name\":\"cimoio\",\"description\":\"Trainingsmanagement Software f\u00fcr Unternehmen\",\"publisher\":{\"@id\":\"https:\\\/\\\/www.cimoio.de\\\/cms\\\/#organization\"},\"potentialAction\":[{\"@type\":\"SearchAction\",\"target\":{\"@type\":\"EntryPoint\",\"urlTemplate\":\"https:\\\/\\\/www.cimoio.de\\\/cms\\\/?s={search_term_string}\"},\"query-input\":{\"@type\":\"PropertyValueSpecification\",\"valueRequired\":true,\"valueName\":\"search_term_string\"}}],\"inLanguage\":\"de\"},{\"@type\":\"Organization\",\"@id\":\"https:\\\/\\\/www.cimoio.de\\\/cms\\\/#organization\",\"name\":\"STL GmbH\",\"url\":\"https:\\\/\\\/www.cimoio.de\\\/cms\\\/\",\"logo\":{\"@type\":\"ImageObject\",\"inLanguage\":\"de\",\"@id\":\"https:\\\/\\\/www.cimoio.de\\\/cms\\\/#\\\/schema\\\/logo\\\/image\\\/\",\"url\":\"https:\\\/\\\/www.cimoio.de\\\/cms\\\/wp-content\\\/uploads\\\/2021\\\/04\\\/Logo_stl_mc_cyan_1673x261.png\",\"contentUrl\":\"https:\\\/\\\/www.cimoio.de\\\/cms\\\/wp-content\\\/uploads\\\/2021\\\/04\\\/Logo_stl_mc_cyan_1673x261.png\",\"width\":1673,\"height\":261,\"caption\":\"STL GmbH\"},\"image\":{\"@id\":\"https:\\\/\\\/www.cimoio.de\\\/cms\\\/#\\\/schema\\\/logo\\\/image\\\/\"},\"sameAs\":[\"https:\\\/\\\/de.linkedin.com\\\/company\\\/stl-gmbh\"]},{\"@type\":\"Person\",\"@id\":\"https:\\\/\\\/www.cimoio.de\\\/cms\\\/#\\\/schema\\\/person\\\/b397c26c477ee0788e09ab9340760f00\",\"name\":\"Lars Metze\",\"image\":{\"@type\":\"ImageObject\",\"inLanguage\":\"de\",\"@id\":\"https:\\\/\\\/secure.gravatar.com\\\/avatar\\\/b2799a070b7a1e68eeeba4d247162b9fd90f571bd321ae4e0e10e32531758eba?s=96&d=mm&r=g\",\"url\":\"https:\\\/\\\/secure.gravatar.com\\\/avatar\\\/b2799a070b7a1e68eeeba4d247162b9fd90f571bd321ae4e0e10e32531758eba?s=96&d=mm&r=g\",\"contentUrl\":\"https:\\\/\\\/secure.gravatar.com\\\/avatar\\\/b2799a070b7a1e68eeeba4d247162b9fd90f571bd321ae4e0e10e32531758eba?s=96&d=mm&r=g\",\"caption\":\"Lars Metze\"}}]}<\/script>\n<!-- \/ Yoast SEO plugin. -->","yoast_head_json":{"title":"cimoio Anwendertreffen 2023 | cimoio","description":"Lesen Sie unseren Bericht zu allen Highlights \ud83d\udcab und Neuigkeiten \ud83d\udcf0 vom erfolgreichen cimoio Anwendertreffen 2023.","robots":{"index":"index","follow":"follow","max-snippet":"max-snippet:-1","max-image-preview":"max-image-preview:large","max-video-preview":"max-video-preview:-1"},"canonical":"https:\/\/www.cimoio.de\/cms\/cimoio-anwendertreffen-2023\/","og_locale":"de_DE","og_type":"article","og_title":"cimoio Anwendertreffen 2023 | cimoio","og_description":"Lesen Sie unseren Bericht zu allen Highlights \ud83d\udcab und Neuigkeiten \ud83d\udcf0 vom erfolgreichen cimoio Anwendertreffen 2023.","og_url":"https:\/\/www.cimoio.de\/cms\/cimoio-anwendertreffen-2023\/","og_site_name":"cimoio","article_published_time":"2023-07-12T17:28:58+00:00","article_modified_time":"2025-07-09T12:52:36+00:00","author":"Lars Metze","twitter_card":"summary_large_image","schema":{"@context":"https:\/\/schema.org","@graph":[{"@type":"Article","@id":"https:\/\/www.cimoio.de\/cms\/cimoio-anwendertreffen-2023\/#article","isPartOf":{"@id":"https:\/\/www.cimoio.de\/cms\/cimoio-anwendertreffen-2023\/"},"author":{"name":"Lars Metze","@id":"https:\/\/www.cimoio.de\/cms\/#\/schema\/person\/b397c26c477ee0788e09ab9340760f00"},"headline":"cimoio Anwendertreffen 2023","datePublished":"2023-07-12T17:28:58+00:00","dateModified":"2025-07-09T12:52:36+00:00","mainEntityOfPage":{"@id":"https:\/\/www.cimoio.de\/cms\/cimoio-anwendertreffen-2023\/"},"wordCount":5056,"publisher":{"@id":"https:\/\/www.cimoio.de\/cms\/#organization"},"articleSection":["Anwendertreffen"],"inLanguage":"de"},{"@type":"WebPage","@id":"https:\/\/www.cimoio.de\/cms\/cimoio-anwendertreffen-2023\/","url":"https:\/\/www.cimoio.de\/cms\/cimoio-anwendertreffen-2023\/","name":"cimoio Anwendertreffen 2023 | cimoio","isPartOf":{"@id":"https:\/\/www.cimoio.de\/cms\/#website"},"datePublished":"2023-07-12T17:28:58+00:00","dateModified":"2025-07-09T12:52:36+00:00","description":"Lesen Sie unseren Bericht zu allen Highlights \ud83d\udcab und Neuigkeiten \ud83d\udcf0 vom erfolgreichen cimoio Anwendertreffen 2023.","breadcrumb":{"@id":"https:\/\/www.cimoio.de\/cms\/cimoio-anwendertreffen-2023\/#breadcrumb"},"inLanguage":"de","potentialAction":[{"@type":"ReadAction","target":["https:\/\/www.cimoio.de\/cms\/cimoio-anwendertreffen-2023\/"]}]},{"@type":"BreadcrumbList","@id":"https:\/\/www.cimoio.de\/cms\/cimoio-anwendertreffen-2023\/#breadcrumb","itemListElement":[{"@type":"ListItem","position":1,"name":"Home","item":"https:\/\/www.cimoio.de\/cms\/"},{"@type":"ListItem","position":2,"name":"cimoio Anwendertreffen 2023"}]},{"@type":"WebSite","@id":"https:\/\/www.cimoio.de\/cms\/#website","url":"https:\/\/www.cimoio.de\/cms\/","name":"cimoio","description":"Trainingsmanagement Software f\u00fcr Unternehmen","publisher":{"@id":"https:\/\/www.cimoio.de\/cms\/#organization"},"potentialAction":[{"@type":"SearchAction","target":{"@type":"EntryPoint","urlTemplate":"https:\/\/www.cimoio.de\/cms\/?s={search_term_string}"},"query-input":{"@type":"PropertyValueSpecification","valueRequired":true,"valueName":"search_term_string"}}],"inLanguage":"de"},{"@type":"Organization","@id":"https:\/\/www.cimoio.de\/cms\/#organization","name":"STL GmbH","url":"https:\/\/www.cimoio.de\/cms\/","logo":{"@type":"ImageObject","inLanguage":"de","@id":"https:\/\/www.cimoio.de\/cms\/#\/schema\/logo\/image\/","url":"https:\/\/www.cimoio.de\/cms\/wp-content\/uploads\/2021\/04\/Logo_stl_mc_cyan_1673x261.png","contentUrl":"https:\/\/www.cimoio.de\/cms\/wp-content\/uploads\/2021\/04\/Logo_stl_mc_cyan_1673x261.png","width":1673,"height":261,"caption":"STL GmbH"},"image":{"@id":"https:\/\/www.cimoio.de\/cms\/#\/schema\/logo\/image\/"},"sameAs":["https:\/\/de.linkedin.com\/company\/stl-gmbh"]},{"@type":"Person","@id":"https:\/\/www.cimoio.de\/cms\/#\/schema\/person\/b397c26c477ee0788e09ab9340760f00","name":"Lars Metze","image":{"@type":"ImageObject","inLanguage":"de","@id":"https:\/\/secure.gravatar.com\/avatar\/b2799a070b7a1e68eeeba4d247162b9fd90f571bd321ae4e0e10e32531758eba?s=96&d=mm&r=g","url":"https:\/\/secure.gravatar.com\/avatar\/b2799a070b7a1e68eeeba4d247162b9fd90f571bd321ae4e0e10e32531758eba?s=96&d=mm&r=g","contentUrl":"https:\/\/secure.gravatar.com\/avatar\/b2799a070b7a1e68eeeba4d247162b9fd90f571bd321ae4e0e10e32531758eba?s=96&d=mm&r=g","caption":"Lars Metze"}}]}},"_links":{"self":[{"href":"https:\/\/www.cimoio.de\/cms\/wp-json\/wp\/v2\/posts\/3161","targetHints":{"allow":["GET"]}}],"collection":[{"href":"https:\/\/www.cimoio.de\/cms\/wp-json\/wp\/v2\/posts"}],"about":[{"href":"https:\/\/www.cimoio.de\/cms\/wp-json\/wp\/v2\/types\/post"}],"author":[{"embeddable":true,"href":"https:\/\/www.cimoio.de\/cms\/wp-json\/wp\/v2\/users\/3"}],"replies":[{"embeddable":true,"href":"https:\/\/www.cimoio.de\/cms\/wp-json\/wp\/v2\/comments?post=3161"}],"version-history":[{"count":51,"href":"https:\/\/www.cimoio.de\/cms\/wp-json\/wp\/v2\/posts\/3161\/revisions"}],"predecessor-version":[{"id":4634,"href":"https:\/\/www.cimoio.de\/cms\/wp-json\/wp\/v2\/posts\/3161\/revisions\/4634"}],"wp:attachment":[{"href":"https:\/\/www.cimoio.de\/cms\/wp-json\/wp\/v2\/media?parent=3161"}],"wp:term":[{"taxonomy":"category","embeddable":true,"href":"https:\/\/www.cimoio.de\/cms\/wp-json\/wp\/v2\/categories?post=3161"},{"taxonomy":"post_tag","embeddable":true,"href":"https:\/\/www.cimoio.de\/cms\/wp-json\/wp\/v2\/tags?post=3161"}],"curies":[{"name":"wp","href":"https:\/\/api.w.org\/{rel}","templated":true}]}}