{"id":5154,"date":"2025-07-17T10:56:33","date_gmt":"2025-07-17T08:56:33","guid":{"rendered":"https:\/\/www.cimoio.de\/cms\/?p=5154"},"modified":"2025-07-25T19:33:57","modified_gmt":"2025-07-25T17:33:57","slug":"17-cimoio-anwendertreffen","status":"publish","type":"post","link":"https:\/\/www.cimoio.de\/cms\/17-cimoio-anwendertreffen\/","title":{"rendered":"17. cimoio Anwendertreffen 2025"},"content":{"rendered":"<p>[et_pb_section fb_built=&#8220;1&#8243; _builder_version=&#8220;4.20.4&#8243; _module_preset=&#8220;74e3c6fb-647a-49bb-96a6-4a121c7b7aae&#8220; custom_margin=&#8220;||-1px|||&#8220; global_colors_info=&#8220;{}&#8220;][et_pb_row _builder_version=&#8220;4.20.4&#8243; _module_preset=&#8220;default&#8220; global_colors_info=&#8220;{}&#8220;][et_pb_column type=&#8220;4_4&#8243; _builder_version=&#8220;4.20.4&#8243; _module_preset=&#8220;default&#8220; global_colors_info=&#8220;{}&#8220;][et_pb_text _builder_version=&#8220;4.27.4&#8243; _module_preset=&#8220;6aefb096-509e-4f36-a71e-e71a8d1d6284&#8243; global_colors_info=&#8220;{}&#8220;]<\/p>\n<h2 data-start=\"169\" data-end=\"237\"><strong data-start=\"169\" data-end=\"237\">17. cimoio Anwendertreffen der STL GmbH <br \/><\/strong><strong data-start=\"169\" data-end=\"237\">\u2013 ein voller Erfolg!<\/strong><\/h2>\n<p>[\/et_pb_text][et_pb_divider color=&#8220;#29c4a9&#8243; divider_weight=&#8220;4px&#8220; disabled_on=&#8220;on|on|off&#8220; _builder_version=&#8220;4.21.0&#8243; background_size=&#8220;initial&#8220; background_position=&#8220;top_left&#8220; background_repeat=&#8220;repeat&#8220; max_width=&#8220;40px&#8220; module_alignment=&#8220;left&#8220; custom_margin=&#8220;||10px|&#8220; animation_style=&#8220;zoom&#8220; animation_direction=&#8220;left&#8220; global_module=&#8220;1979&#8243; saved_tabs=&#8220;all&#8220; locked=&#8220;off&#8220; global_colors_info=&#8220;{}&#8220;][\/et_pb_divider][et_pb_text _builder_version=&#8220;4.27.4&#8243; _module_preset=&#8220;6aefb096-509e-4f36-a71e-e71a8d1d6284&#8243; hover_enabled=&#8220;0&#8243; global_colors_info=&#8220;{}&#8220; sticky_enabled=&#8220;0&#8243;]<\/p>\n<p>Bei sommerlichen Temperaturen und bester Stimmung war das <strong data-start=\"266\" data-end=\"296\">17. cimoio Anwendertreffen<\/strong> der <a href=\"https:\/\/www.stl-software.de\/cms\/\" title=\"Webseite der STL GmbH\" target=\"_blank\" rel=\"noopener\">STL GmbH<\/a> am <strong data-start=\"300\" data-end=\"325\">25. und 26. Juni 2025<\/strong> ein voller Erfolg! Mehr als <strong data-start=\"354\" data-end=\"373\">50 Teilnehmende<\/strong> tagten im <a href=\"https:\/\/www.memox.com\/standorte\/stuttgart\/\" target=\"_blank\" rel=\"noopener\" title=\"Webseite von memox\"><strong data-start=\"458\" data-end=\"467\">memox<\/strong> <\/a>in Stuttgart. Dort standen zwei Tage lang Austausch, Informationen und wertvolle Vernetzung im Mittelpunkt.<\/p>\n<p>[\/et_pb_text][et_pb_image src=&#8220;https:\/\/www.cimoio.de\/cms\/wp-content\/uploads\/2025\/07\/2025-06-25_13-04-58_ILCE-6400.jpg&#8220; title_text=&#8220;2025-06-25_13-04-58_ILCE-6400&#8243; _builder_version=&#8220;4.27.4&#8243; _module_preset=&#8220;default&#8220; global_colors_info=&#8220;{}&#8220;][\/et_pb_image][et_pb_text _builder_version=&#8220;4.27.4&#8243; _module_preset=&#8220;6aefb096-509e-4f36-a71e-e71a8d1d6284&#8243; global_colors_info=&#8220;{}&#8220;]<\/p>\n<p>Gebannte Aufmerksamkeit im Saal, w\u00e4hrend Laura Schopf, die dieses Jahr das cimoio Anwendertreffen organisiert hat, die Kunden begr\u00fc\u00dft.<\/p>\n<p>[\/et_pb_text][\/et_pb_column][\/et_pb_row][\/et_pb_section][et_pb_section fb_built=&#8220;1&#8243; _builder_version=&#8220;4.20.4&#8243; _module_preset=&#8220;20b438f1-e298-4877-8981-72198881efe1&#8243; global_colors_info=&#8220;{}&#8220;][et_pb_row _builder_version=&#8220;4.20.4&#8243; _module_preset=&#8220;default&#8220; global_colors_info=&#8220;{}&#8220;][et_pb_column type=&#8220;4_4&#8243; _builder_version=&#8220;4.20.4&#8243; _module_preset=&#8220;default&#8220; global_colors_info=&#8220;{}&#8220;][et_pb_text _builder_version=&#8220;4.27.4&#8243; _module_preset=&#8220;default&#8220; global_colors_info=&#8220;{}&#8220;]<\/p>\n<h3 data-start=\"53\" data-end=\"129\"><strong data-start=\"53\" data-end=\"129\" data-is-last-node=\"\">Die Themen des 17. cimoio Anwendertreffen<\/strong><\/h3>\n<p>[\/et_pb_text][et_pb_divider color=&#8220;#29c4a9&#8243; divider_weight=&#8220;4px&#8220; disabled_on=&#8220;on|on|off&#8220; _builder_version=&#8220;4.21.0&#8243; background_size=&#8220;initial&#8220; background_position=&#8220;top_left&#8220; background_repeat=&#8220;repeat&#8220; max_width=&#8220;40px&#8220; module_alignment=&#8220;left&#8220; custom_margin=&#8220;||10px|&#8220; animation_style=&#8220;zoom&#8220; animation_direction=&#8220;left&#8220; global_module=&#8220;1979&#8243; saved_tabs=&#8220;all&#8220; locked=&#8220;off&#8220; global_colors_info=&#8220;{}&#8220;][\/et_pb_divider][et_pb_text _builder_version=&#8220;4.27.4&#8243; _module_preset=&#8220;default&#8220; hover_enabled=&#8220;0&#8243; global_colors_info=&#8220;{}&#8220; sticky_enabled=&#8220;0&#8243;]<\/p>\n<p>Das 17. cimoio Anwendertreffen in 2025 war f\u00fcr uns der Schritt in neues Territorium. Im letzten Jahr haben wir <a href=\"https:\/\/www.cimoio.de\/cms\/cimoio-produktlinien-eines-lms\/\" title=\"Blog Eintrag Produktlinien\" target=\"_blank\" rel=\"noopener\">Produktlinien f\u00fcr cimoio<\/a> eingef\u00fchrt. Seitdem ist insbesondere der Anteil an Nutzern von <a href=\"\/cms\/cimoio-lms-produktlinien\/produktlinie-cimoio-aero\/\" title=\"Webseite der Produktlinie cimoio aero\" target=\"_blank\" rel=\"noopener\">cimoio aero<\/a> gewachsen, dicht gefolgt von einer steigenden Anzahl Projekten mit den Produktlinien <a href=\"\/cms\/cimoio-lms-produktlinien\/produktlinie-cimoio-industry\/\" target=\"_blank\" rel=\"noopener\" title=\"Webseite der Produktlinie cimoio industry\">cimoio industry<\/a> und <a href=\"\/cms\/cimoio-lms-produktlinien\/produktlinie-cimoio-academy\/\" target=\"_blank\" rel=\"noopener\" title=\"Webseite der Produktlinie cimoio academy\">cimoio academy<\/a>.<\/p>\n<p>F\u00fcr das Anwendertreffen dieses Jahr hat sich herausgestellt, dass einige der Anmeldungen von Anwendern unserer Produktlinie cimoio aero stammten. Deshalb haben wir uns entschieden, nach den Allgemeinen Informationen die Gruppe nach Fachthemen aufzuteilen.<\/p>\n<p>Damit gab es insgesamt drei Themenbl\u00f6cke:<\/p>\n<ul>\n<li>Allgemeines zu cimoio und speziell zum Release 4.02<\/li>\n<li>Fachtagung zur Produktlinie cimoio aero und Luftfahrt<\/li>\n<li>Fachtagung zu den anderen Produktlinien<\/li>\n<\/ul>\n<p>[\/et_pb_text][et_pb_text _builder_version=&#8220;4.27.4&#8243; _module_preset=&#8220;default&#8220; global_colors_info=&#8220;{}&#8220;]<\/p>\n<h4>Allgemeines zu cimoio und Release 4.02<\/h4>\n<p>[\/et_pb_text][et_pb_divider color=&#8220;#29c4a9&#8243; divider_weight=&#8220;4px&#8220; disabled_on=&#8220;on|on|off&#8220; _builder_version=&#8220;4.21.0&#8243; background_size=&#8220;initial&#8220; background_position=&#8220;top_left&#8220; background_repeat=&#8220;repeat&#8220; max_width=&#8220;40px&#8220; module_alignment=&#8220;left&#8220; custom_margin=&#8220;||10px|&#8220; animation_style=&#8220;zoom&#8220; animation_direction=&#8220;left&#8220; global_module=&#8220;1979&#8243; saved_tabs=&#8220;all&#8220; locked=&#8220;off&#8220; global_colors_info=&#8220;{}&#8220;][\/et_pb_divider][et_pb_text _builder_version=&#8220;4.27.4&#8243; _module_preset=&#8220;default&#8220; hover_enabled=&#8220;0&#8243; global_colors_info=&#8220;{}&#8220; sticky_enabled=&#8220;0&#8243;]<\/p>\n<p>Als Teil der Begr\u00fc\u00dfung haben wir in den vorigen Jahren immer die Chance genutzt, dass jede Person sich und ihr Unternehmen sowie ihre Nutzung von cimoio vorstellen kann. Bei 50 Personen aus 26 Unternehmen haben wir uns dieses Jahr anders entschieden. Dieses Jahr haben wir die Unternehmen und ihre anwesenden Mitarbeitenden zentral vorgestellt. Statt auf eine individuelle Vorstellung zum Auftakt haben wir auf den pers\u00f6nlichen Austausch in Pausen und w\u00e4hrend des Rahmenprogramms gesetzt.<\/p>\n<p>Anschlie\u00dfend stellten wir die verschiedenen Themen des aktuellen Jahres vor &#8211; wobei die Themen sich in manchen F\u00e4llen &#8222;nur&#8220; auf:<\/p>\n<ul>\n<li>eine Produktlinie bezogen (insbesondere bei den Themen f\u00fcr cimoio aero) oder<\/li>\n<li>eine bestimmte Funktion, System-Einstellung oder ein bestimmtes Modul &#8211; also ein Spezifikum von cimoio oder aber auch<\/li>\n<li>einen bestimmten Kundenprozess<\/li>\n<\/ul>\n<p>Die Anforderungen der Kunden aus den Produktlinien cimoio academy und cimoio industry f\u00fchrten im Verlauf des Jahres 2024\/2025 in eine gemeinsame Richtung. Im Bereich Sales &amp; Marketing &#8211; spezifischer: Funktionen auf der Nutzeroberfl\u00e4chen f\u00fcr kaufende Kunden &#8211; haben sich erheblich ver\u00e4ndert. Teilweise getrieben von gesetzlichen \u00c4nderungen wie dem <a href=\"https:\/\/www.gesetze-im-internet.de\/bfsg\/index.html\" target=\"_blank\" rel=\"noopener\" title=\"Webseite des Barrierefreiheitsst\u00e4rkungsgesetz - BFSG vom Bundesjustizministerium\">Barrierefreiheitsst\u00e4rkungsgesetz (BFSG)<\/a>, das seit 28. Juni 2025 in Kraft ist. Aber auch die Anforderung, auch komplexe und umfangreiche Trainingsportfolios am Markt f\u00fcr Kunden leicht zug\u00e4nglich zu machen, waren Treiber.<\/p>\n<p>Den Startpunkt stellte das aktuelle Release 4.02. Die technischen Ver\u00e4nderungen im Laufe eines Jahres ergeben im Detail eine *sehr lange* Liste. F\u00fcr das Anwendertreffen haben wir selektiert Anpassungen herausgegriffen und in Vortr\u00e4gen vorgestellt. Dabei haben wir den Anspruch gehabt, die Themen in gro\u00dfer Runde zu pr\u00e4sentieren, die besonders viele Teilnehmende interessieren.<\/p>\n<h5>Die Agenda<\/h5>\n<p>F\u00fcr diese Themen haben wir uns entschieden:<\/p>\n<ul>\n<li><strong>Automatisierung von Prozessen:<\/strong> Intelligente Pr\u00fcfung von Bedingungen, um automatisch Aktionen auszul\u00f6sen und Ver\u00e4nderungen herbeizuf\u00fchren oder auch unvorteilhafte Datenst\u00e4nde zu melden. Ein Thema, dass wir schon lange vorbereitet hatten und das aktuell immer mehr Kundinnen und Kunden aufgreifen und in ihre Praxis \u00fcbernehmen. So wird das Team in der Sachbearbeitung dabei unterst\u00fctzt den Fokus auf wissensbasierte Prozesse legen zu k\u00f6nnen.<\/li>\n<li><strong>Anbindung von Systemen zur maschinellen Text\u00fcbersetzung:<\/strong> F\u00fcr Kunden, die in mehrsprachigen Systemen arbeiten, ein Meilenstein um effizient Mailschablonen, Oberfl\u00e4chentexte oder auch Dokumententexte zu \u00fcbersetzen. Wir daf\u00fcr als erstens eine Schnittstelle zur <a href=\"https:\/\/www.deepl.com\/de\/products\/api\" target=\"_blank\" rel=\"noopener\" title=\"Webseite der DeepL-API\">DeepL-API<\/a> implementiert, die jetzt nutzbar ist. F\u00fcr andere vergleichbare Systeme k\u00f6nnen aber ebenfalls Schnittstellen programmiert werden.<\/li>\n<li><b>Learning Tools Interoperability<\/b><span>\u00a0(<\/span><b>LTI<\/b><span>): Um sich in cimoio eine Lernplattform aufzubauen, war es bisher nur m\u00f6glich, Lerninhalte im <a href=\"https:\/\/scorm.com\/scorm-explained\/\" target=\"_blank\" rel=\"noopener\" title=\"Informationen \u00fcber SCORM-Format\">SCORM-Format<\/a> hochzuladen oder aber externen Content \u00fcber <a href=\"https:\/\/www.aicc.org\/\" target=\"_blank\" rel=\"noopener\" title=\"Website des AICC Gremiums (nur Englisch)\">AICC<\/a> anzubinden. Die <a href=\"https:\/\/www.imsglobal.org\/spec\/lti\/v1p3\/\">LTI-Schnittstelle in der aktuellsten Version 1.3<\/a>, erm\u00f6glicht es den Lernenden unserer Kunden, aus externen Plattformen mit entsprechender APIs, Lerninhalte bequem aus cimoio heraus aufzurufen. Trotzdem erhalten wir f\u00fcr die Informationen in den Buchungen den Lernstatus.<\/span><\/li>\n<li><span><strong>Klassenbuch:<\/strong> F\u00fcr diejenigen unserer Kunden, deren Kurse in einem Klassenverband ablaufen, ist es jetzt m\u00f6glich, tageweise den Anwesenheitsstatus zu tracken.<\/span><\/li>\n<\/ul>\n<p>An diesem Punkt haben wir die erste gr\u00f6\u00dfere Pause gemacht und uns den Zwischent\u00f6nen hingegeben: <a href=\"https:\/\/www.linkedin.com\/in\/sven-bartolcic\/\" title=\"LinkedIn-Profil von Sven Bartolcic\" target=\"_blank\" rel=\"noopener\">Sven Bartolcic<\/a> von der Gesundheitsplattform <a href=\"https:\/\/sitzkrieger.com\/\" target=\"_blank\" rel=\"noopener\" title=\"Website der Sitzkrieger\">Sitzkrieger<\/a> hat uns an dieser Stelle einmal richtig in Schwung gebracht &#8211; dazu sp\u00e4ter mehr.<\/p>\n<p>&nbsp;<\/p>\n<p>[\/et_pb_text][et_pb_text _builder_version=&#8220;4.27.4&#8243; _module_preset=&#8220;default&#8220; global_colors_info=&#8220;{}&#8220;]<\/p>\n<h4>Fachtagung zur Produktlinie cimoio aero und Luftfahrt<\/h4>\n<p>[\/et_pb_text][et_pb_divider color=&#8220;#29c4a9&#8243; divider_weight=&#8220;4px&#8220; disabled_on=&#8220;on|on|off&#8220; _builder_version=&#8220;4.21.0&#8243; background_size=&#8220;initial&#8220; background_position=&#8220;top_left&#8220; background_repeat=&#8220;repeat&#8220; max_width=&#8220;40px&#8220; module_alignment=&#8220;left&#8220; custom_margin=&#8220;||10px|&#8220; animation_style=&#8220;zoom&#8220; animation_direction=&#8220;left&#8220; global_module=&#8220;1979&#8243; saved_tabs=&#8220;all&#8220; locked=&#8220;off&#8220; global_colors_info=&#8220;{}&#8220;][\/et_pb_divider][et_pb_text _builder_version=&#8220;4.27.4&#8243; _module_preset=&#8220;default&#8220; hover_enabled=&#8220;0&#8243; locked=&#8220;off&#8220; global_colors_info=&#8220;{}&#8220; sticky_enabled=&#8220;0&#8243;]<\/p>\n<p>Die Vortr\u00e4ge zum Thema Luftfahrt wurden zu einem gro\u00dfen Teil von <a href=\"https:\/\/qamaas.com\/\" target=\"_blank\" rel=\"noopener\" title=\"Website der qamaas\">qamaas<\/a> &#8211; unserem Implementierungspartner f\u00fcr cimoio aero &#8211; \u00fcbernommen. Flankiert wurden diese mit Fachvortr\u00e4gen zu technischen L\u00f6sungen im System cimoio durch Mitarbeitende der STL GmbH. Dadurch haben wir ein breites Verst\u00e4ndnis f\u00fcr die M\u00f6glichkeiten der Arbeit in der Luftfahrt mit cimoio aero geschaffen.<\/p>\n<p>&nbsp;<\/p>\n<h3>Die Agenda bestand aus folgenden Themen:<\/h3>\n<ul>\n<li><strong>OJT (On-the-Job-training):<\/strong> &#8222;[&#8230;]W\u00e4hrend dem Trainee im theoretischen- und praktischen Teil des Musterlehrgangs grundlegende Kenntnisse vermittelt werden, sollen diese Kenntnisse im Rahmen des OJTs in einer realen Instandhaltungsumgebung umgesetzt und vertieft werden. Der Trainee wird hierbei durch sogenannte Supervisor (Mentoren) praktisch angeleitet und unterst\u00fctzt, um entsprechende Erfahrung als angehendes freigabeberechtigtes Personal zu sammeln. [&#8230;]&#8220;, schreibt das <a href=\"https:\/\/www.lba.de\/DE\/Technik\/TechnischesPersonal\/OJT\/OJT_node.html\" target=\"_blank\" rel=\"noopener\" title=\"Webseite des LBA zum Thema on-the-job-training (OJT)\">Luftfahrtbundesamt (LBA)<\/a> zu OJT. Dieses Training muss aber bei digitaler Qualifizierung auch in einem IT-System dokumentiert werden &#8211; und daf\u00fcr stellt cimoio Funktionen bereit.<\/li>\n<li><strong>Schnittstelle AMOS und iLearn: <\/strong>In diesem Themenblock wurden die vorhandenen Schnittstellen zu AMOS und iLearn besprochen und diskutiert.<\/li>\n<li><strong>Best\u00e4tigung von Qualifikationen: <\/strong>Auch in der Luftfahrt k\u00f6nnen Qualifikationen nicht nur \u00fcber Trainings erlangt werden. Auch die Anerkennung vorhandener und mitgebrachter Zertifikate ist eine M\u00f6glichkeit. Vorgestellt wurde die Funktion, Zertifikate durch den Mitarbeiter hochladen zu lassen. Nach einer Anerkennung k\u00f6nnen die Zertifikate mit der Qualifikation verkn\u00fcpft werden, um diese zu best\u00e4tigen.<\/li>\n<li><strong>Import von AERO-Daten:<\/strong> Im Umfeld von cimoio aero werden fachrelevante Daten importiert. Diese k\u00f6nnen komplexe Zusammenh\u00e4nge zwischen Qualifikationen, Qualifikationsprofilen und Autorisationen abbilden. Nach einem Import in cimoio m\u00fcssen die Daten diese Zusammenh\u00e4nge genau so abbilden, wie sie vor dem Export des anderen Systems aussahen.<\/li>\n<li><strong>Qualifikations-Cockpit:<\/strong> Dieses Thema behandelte die Darstellung des aktuellen Qualifikationsstandes von Mitarbeitenden. Diese Darstellung ist perspektivisch anders zu verarbeiten, je nachdem ob:\n<ul>\n<li>eine Person ihre eigenen Daten anschaut oder<\/li>\n<li>eine F\u00fchrungskraft die Planung f\u00fcr ihr Team macht oder<\/li>\n<li>eine f\u00fcr Qualifikation zust\u00e4ndige Person es f\u00fcr ihren Bereich anschaut oder<\/li>\n<li>die Personalentwicklung den kompletten Personalbestand \u00fcberblicken m\u00f6chte<\/li>\n<\/ul>\n<\/li>\n<li><strong>Best Practices:<\/strong> Ein Austausch \u00fcber good und best practices aus der praktischen Arbeit verschiedener Kunden.<\/li>\n<\/ul>\n<p>[\/et_pb_text][et_pb_text _builder_version=&#8220;4.27.4&#8243; _module_preset=&#8220;default&#8220; hover_enabled=&#8220;0&#8243; global_colors_info=&#8220;{}&#8220; sticky_enabled=&#8220;0&#8243;]<\/p>\n<h3>Fachtagung zu den anderen Produktlinien<\/h3>\n<p>[\/et_pb_text][et_pb_divider color=&#8220;#29c4a9&#8243; divider_weight=&#8220;4px&#8220; disabled_on=&#8220;on|on|off&#8220; _builder_version=&#8220;4.21.0&#8243; background_size=&#8220;initial&#8220; background_position=&#8220;top_left&#8220; background_repeat=&#8220;repeat&#8220; max_width=&#8220;40px&#8220; module_alignment=&#8220;left&#8220; custom_margin=&#8220;||10px|&#8220; animation_style=&#8220;zoom&#8220; animation_direction=&#8220;left&#8220; global_module=&#8220;1979&#8243; saved_tabs=&#8220;all&#8220; locked=&#8220;off&#8220; global_colors_info=&#8220;{}&#8220;][\/et_pb_divider][et_pb_text _builder_version=&#8220;4.27.4&#8243; _module_preset=&#8220;default&#8220; hover_enabled=&#8220;0&#8243; locked=&#8220;off&#8220; global_colors_info=&#8220;{}&#8220; sticky_enabled=&#8220;0&#8243;]<\/p>\n<p>&nbsp;<\/p>\n<p>Die Produktlinien cimoio industry, cimoio academy und <a href=\"\/cms\/cimoio-lms-produktlinien\/produktlinie-cimoio-certify\/\" target=\"_blank\" rel=\"noopener\" title=\"Informationen \u00fcber cimoio certify\">cimoio certify<\/a> versammelten sich zeitgleich zu den Kollegen der Luftfahrt. Hier wurden die Themen besprochen, die relevant sind, wenn man Trainings verkauft und\/oder regulatorische Qualifizierungen durchf\u00fchrt &#8211; ohne die Mitarbeiter auch zu autorisieren.<\/p>\n<p>Manche der Themen wurden von Kunden und ihren Anforderungen getrieben, manche aber auch von externen Faktoren wie der Gesetzgebung.<\/p>\n<p>Den notwendigen &#8222;Safe Room&#8220; f\u00fcr die kreativen und engagierten Diskussionen schuf <a href=\"https:\/\/www.linkedin.com\/in\/christianbott\/\" target=\"_blank\" rel=\"noopener\" title=\"LinkedIn Profil von Christian Bott\">Christian Bott<\/a> mit seinem Impulsvortrag am zweiten Tag, dazu sp\u00e4ter mehr.<\/p>\n<p>&nbsp;<\/p>\n<h3>Agenda nach Kundenanforderungen:<\/h3>\n<ul>\n<li><strong style=\"font-size: 16px\">Pr\u00fcfungsordnung<\/strong><span style=\"font-size: 16px\">: F\u00fcr Unternehmen, die auf Basis ihrer Trainings Zeugnisse mit Noten erstellen, wie beispielsweise die <\/span><a href=\"https:\/\/www.cimoio.de\/cms\/project\/referenz-sparkassenakademie-baden-wuerttemberg\/\" style=\"font-size: 16px\">SABW<\/a><span style=\"font-size: 16px\">, ist das Notenmodul in cimoio ein wichtiger Baustein. Dieses wurde f\u00fcr das neue Release 4.02 \u00fcberholt und erweitert.<\/span><\/li>\n<li><strong>Hybride Veranstaltung:<\/strong> Ein relevanter Baustein f\u00fcr Trainingsanbieter, die die Teilnahme an ihren Kursen zwischen Online und in Pr\u00e4senz mischen. Im <a href=\"\/cms\/was-ist-ein-trainingsmanagementsystem-tms\/\" title=\"Informationen \u00fcber Trainingsmanagement\">Trainingsmanagement<\/a> stellt sich aber die Frage: wie stellt man sicher, dass die Gesamtteilnehmerzahl f\u00fcr den Pr\u00e4senzraum nicht \u00fcberschritten wird. Allerdings andererseits trotzdem klar wird, dass noch Pl\u00e4tze frei sind &#8211; aber eben nur noch online? Diese und weitere Fragestellung beantworten wir mit unseren Funktionen zu hybriden Veranstaltungen.<\/li>\n<li><strong>Angebotserstellung extern:<\/strong> Wenn eine Akademie &#8211; wie z.B. die SABW &#8211; am externen Markt ihre Trainings verkauft, hat sie meistens auch Kapazit\u00e4ten f\u00fcr Pr\u00e4senztrainings. Sind diese aber Mal nicht voll ausgelastet, liegt es nahe, sie an externe Kunden weiterzuverkaufen, um die Auslastung zu optimieren. Den Prozess von einer externen Anfrage \u00fcber die Durchf\u00fchrung der Veranstaltung bis zur Abrechnung unterst\u00fctzt cimoio jetzt durchg\u00e4ngig.<\/li>\n<li><strong>I3-Suche:<\/strong> I3 steht f\u00fcr &#8222;integrierte, invertierte Index-Suche&#8220; und erlaubt es, sehr effizient Produkte, Veranstaltungen und Lernmaterialien zu suchen. Diese Push-Methode haben wir insbesondere f\u00fcr die Suche von Kunden im Katalog optimiert und mit Suchfacetten zur Filterung ausgestattet.<\/li>\n<li><strong>Open Badges:<\/strong> Open Badges sind ein technisches Hilfsmittel, dass den erfolgreichen Abschluss eines Trainings best\u00e4tigt. Es erf\u00fcllt damit einerseits den Zweck, dass eine lernende Person mit einer Sammlung an Open Badges seinen Bildungsstand nachweisen kann. Andererseits bietet es dem Trainingsanbieter einen Marketingkanal. So kann durch die graphische Darstellung des Open Badges als digitales Bild gleichzeitig Werbung f\u00fcr die Bildungsm\u00f6glichkeiten eines Trainingsanbieters gemacht werden.<\/li>\n<\/ul>\n<h3>Agenda nach gesetzlichen Anforderungen:<\/h3>\n<ul>\n<li><strong>Barrierefreiheitsst\u00e4rkungsgesetz (BFSG):<\/strong> F\u00fcr diejenigen unserer Kunden, die Trainings im B2C-Umfeld anbieten, war der Termin des Inkrafttretens des <a href=\"https:\/\/www.gesetze-im-internet.de\/bfsg\/index.html\" target=\"_blank\" rel=\"noopener\">Barrierefreiheitsst\u00e4rkungsgesetz (BFSG)<\/a> am 28. Juni 2025 ein wichtiger Tag. Denn ab diesem Tag mussten sie gepr\u00fcft haben, ob sie das Gesetz betrifft. Und f\u00fcr den Fall, dass es sie betraf, mussten sie Ma\u00dfnahmen ergreifen, um ihren Lerncontent aber auch ihre Oberfl\u00e4chen darauf vorzubereiten. Hier haben wir vorgestellt, wie cimoio die Kunden dabei unterst\u00fctzt.<\/li>\n<li><strong>Elektronische Rechnungen:<\/strong> XRechnung bezeichnen den Standard zur elektronischen Rechnungsstellung bei \u00f6ffentlichen Auftraggebern und setzt die <a href=\"https:\/\/eur-lex.europa.eu\/eli\/dir\/2014\/55\/oj?locale=de\" target=\"_blank\" rel=\"noopener\" title=\"Information about EU-Richtlinie 2014\/55\/EU\">EU-Richtlinie 2014\/55\/EU<\/a> in Deutschland ma\u00dfgeblich um. Darauf aufbauend wurde das Format <a href=\"https:\/\/www.ferd-net.de\/\" target=\"_blank\" rel=\"noopener\" title=\"Webseite zum Thema ZUGFeRD\">ZUGFeRD<\/a> entwickelt, um nicht nur den elektronischen Rechnungsversand zu \u00f6ffentlichen Auftraggebern sondern auch im B2B Umfeld zu standardisieren. Auch cimoio ist nun in der Lage, solche Rechnungen zu erstellen.<\/li>\n<\/ul>\n<p>[\/et_pb_text][\/et_pb_column][\/et_pb_row][\/et_pb_section][et_pb_section fb_built=&#8220;1&#8243; _builder_version=&#8220;4.20.4&#8243; _module_preset=&#8220;74e3c6fb-647a-49bb-96a6-4a121c7b7aae&#8220; global_colors_info=&#8220;{}&#8220;][et_pb_row _builder_version=&#8220;4.20.4&#8243; _module_preset=&#8220;default&#8220; custom_padding=&#8220;27px|||||&#8220; global_colors_info=&#8220;{}&#8220;][et_pb_column type=&#8220;4_4&#8243; _builder_version=&#8220;4.20.4&#8243; _module_preset=&#8220;default&#8220; global_colors_info=&#8220;{}&#8220;][et_pb_text _builder_version=&#8220;4.27.4&#8243; _module_preset=&#8220;6aefb096-509e-4f36-a71e-e71a8d1d6284&#8243; global_colors_info=&#8220;{}&#8220;]<\/p>\n<h3>Zwischent\u00f6ne:<br \/>Dem Sitzen mit dem Schwert den Kampf ansagen&#8230;<\/h3>\n<p>[\/et_pb_text][et_pb_divider color=&#8220;#29c4a9&#8243; divider_weight=&#8220;4px&#8220; disabled_on=&#8220;on|on|off&#8220; _builder_version=&#8220;4.21.0&#8243; background_size=&#8220;initial&#8220; background_position=&#8220;top_left&#8220; background_repeat=&#8220;repeat&#8220; max_width=&#8220;40px&#8220; module_alignment=&#8220;left&#8220; custom_margin=&#8220;||10px|&#8220; animation_style=&#8220;zoom&#8220; animation_direction=&#8220;left&#8220; global_module=&#8220;1979&#8243; saved_tabs=&#8220;all&#8220; locked=&#8220;off&#8220; global_colors_info=&#8220;{}&#8220;][\/et_pb_divider][et_pb_blurb title=&#8220;Sitzkrieger bewegen&#8220; image=&#8220;https:\/\/www.cimoio.de\/cms\/wp-content\/uploads\/2025\/07\/190820_Sitzkrieger-Logo-1.jpg&#8220; _builder_version=&#8220;4.27.4&#8243; _module_preset=&#8220;dfe9779b-9423-4e35-b6d8-af8ee8e02bec&#8220; header_level=&#8220;h4&#8243; min_height=&#8220;222px&#8220; hover_enabled=&#8220;0&#8243; global_colors_info=&#8220;{}&#8220; sticky_enabled=&#8220;0&#8243;]<\/p>\n<p>Auch f\u00fcr <strong>k\u00f6rperliche Aktivierung<\/strong> war gesorgt: Am Nachmittag des ersten Tages brachte <strong data-start=\"1792\" data-end=\"1854\"><a data-start=\"1794\" data-end=\"1852\" rel=\"noopener\" target=\"_blank\" href=\"https:\/\/sitzkrieger.com\/\" title=\"Webseite von Sitzkrieger\">Sven Bartolcic von Sitzkrieger<\/a><\/strong> mit einer aktiven Pause neuen Schwung in den Raum. Eine willkommene Unterbrechung, die K\u00f6rper und Geist in Bewegung brachte, so dass unsere Teilnehmenden danach wieder mit vollem Fokus in die Vortr\u00e4ge abtauchen konnten.<\/p>\n<p>[\/et_pb_blurb][et_pb_image src=&#8220;https:\/\/www.cimoio.de\/cms\/wp-content\/uploads\/2025\/07\/2025-06-25_15-00-52_ILCE-6400.jpg&#8220; title_text=&#8220;2025-06-25_15-00-52_ILCE-6400&#8243; _builder_version=&#8220;4.27.4&#8243; _module_preset=&#8220;default&#8220; custom_margin=&#8220;||60px|||&#8220; global_colors_info=&#8220;{}&#8220;][\/et_pb_image][et_pb_blurb title=&#8220;Impulsvortrag %22Safe Room%22&#8243; image=&#8220;https:\/\/www.cimoio.de\/cms\/wp-content\/uploads\/2025\/07\/ChristianBott.jpg&#8220; alt=&#8220;Christian Bott &#8211; Der mit dem Schwert coacht&#8220; _builder_version=&#8220;4.27.4&#8243; _module_preset=&#8220;dfe9779b-9423-4e35-b6d8-af8ee8e02bec&#8220; header_level=&#8220;h4&#8243; hover_enabled=&#8220;0&#8243; global_colors_info=&#8220;{}&#8220; sticky_enabled=&#8220;0&#8243;]<\/p>\n<p>Der Impulsvortrag von <strong data-start=\"1446\" data-end=\"1493\"><a data-start=\"1448\" data-end=\"1491\" rel=\"noopener\" target=\"_blank\" href=\"https:\/\/christianbott.de\/\" title=\"Webseite von Christian Bott\">Christian Bott<\/a><\/strong>: <em data-start=\"1495\" data-end=\"1568\">&#8222;Safe Room \u2013 Wie wir R\u00e4ume schaffen, in denen Entwicklung m\u00f6glich ist.&#8220; <\/em>h\u00e4tte kaum spektakul\u00e4rer sein k\u00f6nnen. Der Freiwillige aus dem Publikum bekam kurzerhand ein \u00dcbungsschwert in die Hand gedr\u00fcckt. Pl\u00f6tzlich wurde ganz plastisch erlebbar, wie jemandem mit einem Schwert gegen\u00fcber zu stehen Stress ausl\u00f6sen kann. Und wie die Jahrhunderte alte Kunst des Schwertfechtens einem \u00dcberlegungen an die Hand geben kann, Entscheidungen bewusst zu treffen.<\/p>\n<p>Wer sich f\u00fcr diesen Inhalt interessiert, kann sich hier weitere Informationen zum <a href=\"https:\/\/christianbott.de\/safe-room\/\" target=\"_blank\" rel=\"noopener\" title=\"Weiteres zum Safe Room Vortrag von Christian Bott\">Safe Room<\/a> holen oder auch dem <a href=\"https:\/\/christianbott.de\/podcast\/\" target=\"_blank\" rel=\"noopener\" title=\"Podcast Challenge Accepted von Christian Bott\">Podcast &#8222;Challenge Accepted&#8220;<\/a> lauschen.<\/p>\n<p>[\/et_pb_blurb][et_pb_image src=&#8220;https:\/\/www.cimoio.de\/cms\/wp-content\/uploads\/2025\/07\/2025-06-26_09-11-06_ILCE-6400.jpg&#8220; title_text=&#8220;2025-06-26_09-11-06_ILCE-6400&#8243; _builder_version=&#8220;4.27.4&#8243; _module_preset=&#8220;default&#8220; global_colors_info=&#8220;{}&#8220;][\/et_pb_image][\/et_pb_column][\/et_pb_row][\/et_pb_section][et_pb_section fb_built=&#8220;1&#8243; _builder_version=&#8220;4.20.4&#8243; _module_preset=&#8220;default&#8220; global_colors_info=&#8220;{}&#8220;][et_pb_row _builder_version=&#8220;4.20.4&#8243; _module_preset=&#8220;default&#8220; global_colors_info=&#8220;{}&#8220;][et_pb_column type=&#8220;4_4&#8243; _builder_version=&#8220;4.20.4&#8243; _module_preset=&#8220;default&#8220; global_colors_info=&#8220;{}&#8220;][et_pb_text _builder_version=&#8220;4.27.4&#8243; _module_preset=&#8220;default&#8220; global_colors_info=&#8220;{}&#8220;]<\/p>\n<h3 data-start=\"53\" data-end=\"129\"><strong data-start=\"53\" data-end=\"129\" data-is-last-node=\"\">Das Rahmenprogramm des 17. cimoio Anwendertreffens<\/strong><\/h3>\n<p>[\/et_pb_text][et_pb_divider color=&#8220;#29c4a9&#8243; divider_weight=&#8220;4px&#8220; disabled_on=&#8220;on|on|off&#8220; _builder_version=&#8220;4.21.0&#8243; background_size=&#8220;initial&#8220; background_position=&#8220;top_left&#8220; background_repeat=&#8220;repeat&#8220; max_width=&#8220;40px&#8220; module_alignment=&#8220;left&#8220; custom_margin=&#8220;||10px|&#8220; animation_style=&#8220;zoom&#8220; animation_direction=&#8220;left&#8220; global_module=&#8220;1979&#8243; saved_tabs=&#8220;all&#8220; locked=&#8220;off&#8220; global_colors_info=&#8220;{}&#8220;][\/et_pb_divider][et_pb_text _builder_version=&#8220;4.27.4&#8243; _module_preset=&#8220;default&#8220; hover_enabled=&#8220;0&#8243; global_colors_info=&#8220;{}&#8220; sticky_enabled=&#8220;0&#8243;]<\/p>\n<p>Am Nachmittag folgte dann ein weiteres Highlight: Eine <strong>unterhaltsame Stadtf\u00fchrung<\/strong> durch Stuttgart mit <strong data-start=\"2088\" data-end=\"2153\"><a data-start=\"2090\" data-end=\"2151\" rel=\"noopener\" target=\"_blank\" href=\"https:\/\/www.kulturfuehrungen.de\/\" title=\"Webseite der Kulturf\u00fchrungen\">Silke Amos und ihrem Mann<\/a><\/strong>, die charmant und kenntnisreich durch Geschichte, Kultur und Kuriosit\u00e4ten der Stadt f\u00fchrten.<\/p>\n<p>Den gelungenen Tagesabschluss am ersten Tag bildete ein <strong>gemeinsames Abendessen<\/strong> im stilvollen <strong data-start=\"2326\" data-end=\"2405\"><a data-start=\"2328\" data-end=\"2403\" rel=\"noopener\" target=\"_blank\" href=\"https:\/\/www.restaurant-plenum-stuttgart.de\/\" title=\"Webseite des Restaurants Plenum\">Restaurant Plenum im Landtag<\/a><\/strong> \u2013 bei entspannter Atmosph\u00e4re, gutem Essen und vielen Gespr\u00e4chen.<\/p>\n<p>[\/et_pb_text][et_pb_image src=&#8220;https:\/\/www.cimoio.de\/cms\/wp-content\/uploads\/2025\/07\/Plenum_Abendessen.jpg&#8220; title_text=&#8220;Plenum_Abendessen&#8220; _builder_version=&#8220;4.27.4&#8243; _module_preset=&#8220;default&#8220; global_colors_info=&#8220;{}&#8220;][\/et_pb_image][\/et_pb_column][\/et_pb_row][\/et_pb_section][et_pb_section fb_built=&#8220;1&#8243; _builder_version=&#8220;4.20.4&#8243; _module_preset=&#8220;74e3c6fb-647a-49bb-96a6-4a121c7b7aae&#8220; global_colors_info=&#8220;{}&#8220;][et_pb_row _builder_version=&#8220;4.20.4&#8243; _module_preset=&#8220;default&#8220; custom_padding=&#8220;27px|||||&#8220; global_colors_info=&#8220;{}&#8220;][et_pb_column type=&#8220;4_4&#8243; _builder_version=&#8220;4.20.4&#8243; _module_preset=&#8220;default&#8220; global_colors_info=&#8220;{}&#8220;][et_pb_text _builder_version=&#8220;4.20.4&#8243; _module_preset=&#8220;6aefb096-509e-4f36-a71e-e71a8d1d6284&#8243; global_colors_info=&#8220;{}&#8220;]<\/p>\n<h2>Sprechen Sie uns an!<\/h2>\n<p>[\/et_pb_text][et_pb_divider color=&#8220;#29c4a9&#8243; divider_weight=&#8220;4px&#8220; disabled_on=&#8220;on|on|off&#8220; _builder_version=&#8220;4.21.0&#8243; background_size=&#8220;initial&#8220; background_position=&#8220;top_left&#8220; background_repeat=&#8220;repeat&#8220; max_width=&#8220;40px&#8220; module_alignment=&#8220;left&#8220; custom_margin=&#8220;||10px|&#8220; animation_style=&#8220;zoom&#8220; animation_direction=&#8220;left&#8220; global_module=&#8220;1979&#8243; saved_tabs=&#8220;all&#8220; locked=&#8220;off&#8220; global_colors_info=&#8220;{}&#8220;][\/et_pb_divider][et_pb_text _builder_version=&#8220;4.27.4&#8243; _module_preset=&#8220;6aefb096-509e-4f36-a71e-e71a8d1d6284&#8243; hover_enabled=&#8220;0&#8243; global_colors_info=&#8220;{}&#8220; sticky_enabled=&#8220;0&#8243;]<\/p>\n<p>Wenn Sie sich \u00fcber die Themen unseres Anwendertreffens mit uns unterhalten m\u00f6chten, schicken Sie uns eine E-Mail oder nutzen Sie unser <a href=\"\/cms\/kontakt\/\" target=\"_blank\" rel=\"noopener\" title=\"Kontaktformular f\u00fcr die Software cimoio\">Kontaktformular<\/a>. Wir freuen uns ebenso \u00fcber ihren Kommentar zu unserem Anwendertreffen, wenn Sie dabei waren! Lassen Sie es uns wissen!<\/p>\n<p>[\/et_pb_text][\/et_pb_column][\/et_pb_row][\/et_pb_section][et_pb_section fb_built=&#8220;1&#8243; _builder_version=&#8220;4.27.4&#8243; _module_preset=&#8220;default&#8220; global_colors_info=&#8220;{}&#8220;][\/et_pb_section]<\/p>\n","protected":false},"excerpt":{"rendered":"<p>17. cimoio Anwendertreffen der STL GmbH \u2013 ein voller Erfolg!Bei sommerlichen Temperaturen und bester Stimmung war das 17. cimoio Anwendertreffen der STL GmbH am 25. und 26. Juni 2025 ein voller Erfolg! Mehr als 50 Teilnehmende tagten im memox in Stuttgart. Dort standen zwei Tage lang Austausch, Informationen und wertvolle Vernetzung im Mittelpunkt.Gebannte Aufmerksamkeit im [&hellip;]<\/p>\n","protected":false},"author":3,"featured_media":0,"comment_status":"closed","ping_status":"open","sticky":false,"template":"","format":"standard","meta":{"_et_pb_use_builder":"on","_et_pb_old_content":"","_et_gb_content_width":"","inline_featured_image":false,"footnotes":""},"categories":[1,123],"tags":[239,237],"class_list":["post-5154","post","type-post","status-publish","format-standard","hentry","category-allgemein","category-anwendertreffen","tag-239","tag-anwendertreffen"],"yoast_head":"<!-- This site is optimized with the Yoast SEO plugin v27.4 - https:\/\/yoast.com\/product\/yoast-seo-wordpress\/ -->\n<title>17. cimoio Anwendertreffen 2025 | cimoio<\/title>\n<meta name=\"description\" content=\"Das 17. cimoio Anwendertreffen im Jahr 2025 in Stuttgart \u2013 mit Einblicken ins Release 4.02, Vortr\u00e4gen zu cimoio aero und viel netwerken.\" \/>\n<meta name=\"robots\" content=\"index, follow, max-snippet:-1, max-image-preview:large, max-video-preview:-1\" \/>\n<link rel=\"canonical\" href=\"https:\/\/www.cimoio.de\/cms\/17-cimoio-anwendertreffen\/\" \/>\n<meta property=\"og:locale\" content=\"de_DE\" \/>\n<meta property=\"og:type\" content=\"article\" \/>\n<meta property=\"og:title\" content=\"17. cimoio Anwendertreffen 2025 | cimoio\" \/>\n<meta property=\"og:description\" content=\"Das 17. cimoio Anwendertreffen im Jahr 2025 in Stuttgart \u2013 mit Einblicken ins Release 4.02, Vortr\u00e4gen zu cimoio aero und viel netwerken.\" \/>\n<meta property=\"og:url\" content=\"https:\/\/www.cimoio.de\/cms\/17-cimoio-anwendertreffen\/\" \/>\n<meta property=\"og:site_name\" content=\"cimoio\" \/>\n<meta property=\"article:published_time\" content=\"2025-07-17T08:56:33+00:00\" \/>\n<meta property=\"article:modified_time\" content=\"2025-07-25T17:33:57+00:00\" \/>\n<meta name=\"author\" content=\"Lars Metze\" \/>\n<meta name=\"twitter:card\" content=\"summary_large_image\" \/>\n<script type=\"application\/ld+json\" class=\"yoast-schema-graph\">{\"@context\":\"https:\\\/\\\/schema.org\",\"@graph\":[{\"@type\":\"Article\",\"@id\":\"https:\\\/\\\/www.cimoio.de\\\/cms\\\/17-cimoio-anwendertreffen\\\/#article\",\"isPartOf\":{\"@id\":\"https:\\\/\\\/www.cimoio.de\\\/cms\\\/17-cimoio-anwendertreffen\\\/\"},\"author\":{\"name\":\"Lars Metze\",\"@id\":\"https:\\\/\\\/www.cimoio.de\\\/cms\\\/#\\\/schema\\\/person\\\/b397c26c477ee0788e09ab9340760f00\"},\"headline\":\"17. cimoio Anwendertreffen 2025\",\"datePublished\":\"2025-07-17T08:56:33+00:00\",\"dateModified\":\"2025-07-25T17:33:57+00:00\",\"mainEntityOfPage\":{\"@id\":\"https:\\\/\\\/www.cimoio.de\\\/cms\\\/17-cimoio-anwendertreffen\\\/\"},\"wordCount\":3118,\"publisher\":{\"@id\":\"https:\\\/\\\/www.cimoio.de\\\/cms\\\/#organization\"},\"keywords\":[\"2025\",\"Anwendertreffen\"],\"articleSection\":{\"1\":\"Anwendertreffen\"},\"inLanguage\":\"de\"},{\"@type\":\"WebPage\",\"@id\":\"https:\\\/\\\/www.cimoio.de\\\/cms\\\/17-cimoio-anwendertreffen\\\/\",\"url\":\"https:\\\/\\\/www.cimoio.de\\\/cms\\\/17-cimoio-anwendertreffen\\\/\",\"name\":\"17. cimoio Anwendertreffen 2025 | cimoio\",\"isPartOf\":{\"@id\":\"https:\\\/\\\/www.cimoio.de\\\/cms\\\/#website\"},\"datePublished\":\"2025-07-17T08:56:33+00:00\",\"dateModified\":\"2025-07-25T17:33:57+00:00\",\"description\":\"Das 17. cimoio Anwendertreffen im Jahr 2025 in Stuttgart \u2013 mit Einblicken ins Release 4.02, Vortr\u00e4gen zu cimoio aero und viel netwerken.\",\"breadcrumb\":{\"@id\":\"https:\\\/\\\/www.cimoio.de\\\/cms\\\/17-cimoio-anwendertreffen\\\/#breadcrumb\"},\"inLanguage\":\"de\",\"potentialAction\":[{\"@type\":\"ReadAction\",\"target\":[\"https:\\\/\\\/www.cimoio.de\\\/cms\\\/17-cimoio-anwendertreffen\\\/\"]}]},{\"@type\":\"BreadcrumbList\",\"@id\":\"https:\\\/\\\/www.cimoio.de\\\/cms\\\/17-cimoio-anwendertreffen\\\/#breadcrumb\",\"itemListElement\":[{\"@type\":\"ListItem\",\"position\":1,\"name\":\"Home\",\"item\":\"https:\\\/\\\/www.cimoio.de\\\/cms\\\/\"},{\"@type\":\"ListItem\",\"position\":2,\"name\":\"17. cimoio Anwendertreffen 2025\"}]},{\"@type\":\"WebSite\",\"@id\":\"https:\\\/\\\/www.cimoio.de\\\/cms\\\/#website\",\"url\":\"https:\\\/\\\/www.cimoio.de\\\/cms\\\/\",\"name\":\"cimoio\",\"description\":\"Trainingsmanagement Software f\u00fcr Unternehmen\",\"publisher\":{\"@id\":\"https:\\\/\\\/www.cimoio.de\\\/cms\\\/#organization\"},\"potentialAction\":[{\"@type\":\"SearchAction\",\"target\":{\"@type\":\"EntryPoint\",\"urlTemplate\":\"https:\\\/\\\/www.cimoio.de\\\/cms\\\/?s={search_term_string}\"},\"query-input\":{\"@type\":\"PropertyValueSpecification\",\"valueRequired\":true,\"valueName\":\"search_term_string\"}}],\"inLanguage\":\"de\"},{\"@type\":\"Organization\",\"@id\":\"https:\\\/\\\/www.cimoio.de\\\/cms\\\/#organization\",\"name\":\"STL GmbH\",\"url\":\"https:\\\/\\\/www.cimoio.de\\\/cms\\\/\",\"logo\":{\"@type\":\"ImageObject\",\"inLanguage\":\"de\",\"@id\":\"https:\\\/\\\/www.cimoio.de\\\/cms\\\/#\\\/schema\\\/logo\\\/image\\\/\",\"url\":\"https:\\\/\\\/www.cimoio.de\\\/cms\\\/wp-content\\\/uploads\\\/2021\\\/04\\\/Logo_stl_mc_cyan_1673x261.png\",\"contentUrl\":\"https:\\\/\\\/www.cimoio.de\\\/cms\\\/wp-content\\\/uploads\\\/2021\\\/04\\\/Logo_stl_mc_cyan_1673x261.png\",\"width\":1673,\"height\":261,\"caption\":\"STL GmbH\"},\"image\":{\"@id\":\"https:\\\/\\\/www.cimoio.de\\\/cms\\\/#\\\/schema\\\/logo\\\/image\\\/\"},\"sameAs\":[\"https:\\\/\\\/de.linkedin.com\\\/company\\\/stl-gmbh\"]},{\"@type\":\"Person\",\"@id\":\"https:\\\/\\\/www.cimoio.de\\\/cms\\\/#\\\/schema\\\/person\\\/b397c26c477ee0788e09ab9340760f00\",\"name\":\"Lars Metze\",\"image\":{\"@type\":\"ImageObject\",\"inLanguage\":\"de\",\"@id\":\"https:\\\/\\\/secure.gravatar.com\\\/avatar\\\/b2799a070b7a1e68eeeba4d247162b9fd90f571bd321ae4e0e10e32531758eba?s=96&d=mm&r=g\",\"url\":\"https:\\\/\\\/secure.gravatar.com\\\/avatar\\\/b2799a070b7a1e68eeeba4d247162b9fd90f571bd321ae4e0e10e32531758eba?s=96&d=mm&r=g\",\"contentUrl\":\"https:\\\/\\\/secure.gravatar.com\\\/avatar\\\/b2799a070b7a1e68eeeba4d247162b9fd90f571bd321ae4e0e10e32531758eba?s=96&d=mm&r=g\",\"caption\":\"Lars Metze\"}}]}<\/script>\n<!-- \/ Yoast SEO plugin. -->","yoast_head_json":{"title":"17. cimoio Anwendertreffen 2025 | cimoio","description":"Das 17. cimoio Anwendertreffen im Jahr 2025 in Stuttgart \u2013 mit Einblicken ins Release 4.02, Vortr\u00e4gen zu cimoio aero und viel netwerken.","robots":{"index":"index","follow":"follow","max-snippet":"max-snippet:-1","max-image-preview":"max-image-preview:large","max-video-preview":"max-video-preview:-1"},"canonical":"https:\/\/www.cimoio.de\/cms\/17-cimoio-anwendertreffen\/","og_locale":"de_DE","og_type":"article","og_title":"17. cimoio Anwendertreffen 2025 | cimoio","og_description":"Das 17. cimoio Anwendertreffen im Jahr 2025 in Stuttgart \u2013 mit Einblicken ins Release 4.02, Vortr\u00e4gen zu cimoio aero und viel netwerken.","og_url":"https:\/\/www.cimoio.de\/cms\/17-cimoio-anwendertreffen\/","og_site_name":"cimoio","article_published_time":"2025-07-17T08:56:33+00:00","article_modified_time":"2025-07-25T17:33:57+00:00","author":"Lars Metze","twitter_card":"summary_large_image","schema":{"@context":"https:\/\/schema.org","@graph":[{"@type":"Article","@id":"https:\/\/www.cimoio.de\/cms\/17-cimoio-anwendertreffen\/#article","isPartOf":{"@id":"https:\/\/www.cimoio.de\/cms\/17-cimoio-anwendertreffen\/"},"author":{"name":"Lars Metze","@id":"https:\/\/www.cimoio.de\/cms\/#\/schema\/person\/b397c26c477ee0788e09ab9340760f00"},"headline":"17. cimoio Anwendertreffen 2025","datePublished":"2025-07-17T08:56:33+00:00","dateModified":"2025-07-25T17:33:57+00:00","mainEntityOfPage":{"@id":"https:\/\/www.cimoio.de\/cms\/17-cimoio-anwendertreffen\/"},"wordCount":3118,"publisher":{"@id":"https:\/\/www.cimoio.de\/cms\/#organization"},"keywords":["2025","Anwendertreffen"],"articleSection":{"1":"Anwendertreffen"},"inLanguage":"de"},{"@type":"WebPage","@id":"https:\/\/www.cimoio.de\/cms\/17-cimoio-anwendertreffen\/","url":"https:\/\/www.cimoio.de\/cms\/17-cimoio-anwendertreffen\/","name":"17. cimoio Anwendertreffen 2025 | cimoio","isPartOf":{"@id":"https:\/\/www.cimoio.de\/cms\/#website"},"datePublished":"2025-07-17T08:56:33+00:00","dateModified":"2025-07-25T17:33:57+00:00","description":"Das 17. cimoio Anwendertreffen im Jahr 2025 in Stuttgart \u2013 mit Einblicken ins Release 4.02, Vortr\u00e4gen zu cimoio aero und viel netwerken.","breadcrumb":{"@id":"https:\/\/www.cimoio.de\/cms\/17-cimoio-anwendertreffen\/#breadcrumb"},"inLanguage":"de","potentialAction":[{"@type":"ReadAction","target":["https:\/\/www.cimoio.de\/cms\/17-cimoio-anwendertreffen\/"]}]},{"@type":"BreadcrumbList","@id":"https:\/\/www.cimoio.de\/cms\/17-cimoio-anwendertreffen\/#breadcrumb","itemListElement":[{"@type":"ListItem","position":1,"name":"Home","item":"https:\/\/www.cimoio.de\/cms\/"},{"@type":"ListItem","position":2,"name":"17. cimoio Anwendertreffen 2025"}]},{"@type":"WebSite","@id":"https:\/\/www.cimoio.de\/cms\/#website","url":"https:\/\/www.cimoio.de\/cms\/","name":"cimoio","description":"Trainingsmanagement Software f\u00fcr Unternehmen","publisher":{"@id":"https:\/\/www.cimoio.de\/cms\/#organization"},"potentialAction":[{"@type":"SearchAction","target":{"@type":"EntryPoint","urlTemplate":"https:\/\/www.cimoio.de\/cms\/?s={search_term_string}"},"query-input":{"@type":"PropertyValueSpecification","valueRequired":true,"valueName":"search_term_string"}}],"inLanguage":"de"},{"@type":"Organization","@id":"https:\/\/www.cimoio.de\/cms\/#organization","name":"STL GmbH","url":"https:\/\/www.cimoio.de\/cms\/","logo":{"@type":"ImageObject","inLanguage":"de","@id":"https:\/\/www.cimoio.de\/cms\/#\/schema\/logo\/image\/","url":"https:\/\/www.cimoio.de\/cms\/wp-content\/uploads\/2021\/04\/Logo_stl_mc_cyan_1673x261.png","contentUrl":"https:\/\/www.cimoio.de\/cms\/wp-content\/uploads\/2021\/04\/Logo_stl_mc_cyan_1673x261.png","width":1673,"height":261,"caption":"STL GmbH"},"image":{"@id":"https:\/\/www.cimoio.de\/cms\/#\/schema\/logo\/image\/"},"sameAs":["https:\/\/de.linkedin.com\/company\/stl-gmbh"]},{"@type":"Person","@id":"https:\/\/www.cimoio.de\/cms\/#\/schema\/person\/b397c26c477ee0788e09ab9340760f00","name":"Lars Metze","image":{"@type":"ImageObject","inLanguage":"de","@id":"https:\/\/secure.gravatar.com\/avatar\/b2799a070b7a1e68eeeba4d247162b9fd90f571bd321ae4e0e10e32531758eba?s=96&d=mm&r=g","url":"https:\/\/secure.gravatar.com\/avatar\/b2799a070b7a1e68eeeba4d247162b9fd90f571bd321ae4e0e10e32531758eba?s=96&d=mm&r=g","contentUrl":"https:\/\/secure.gravatar.com\/avatar\/b2799a070b7a1e68eeeba4d247162b9fd90f571bd321ae4e0e10e32531758eba?s=96&d=mm&r=g","caption":"Lars Metze"}}]}},"_links":{"self":[{"href":"https:\/\/www.cimoio.de\/cms\/wp-json\/wp\/v2\/posts\/5154","targetHints":{"allow":["GET"]}}],"collection":[{"href":"https:\/\/www.cimoio.de\/cms\/wp-json\/wp\/v2\/posts"}],"about":[{"href":"https:\/\/www.cimoio.de\/cms\/wp-json\/wp\/v2\/types\/post"}],"author":[{"embeddable":true,"href":"https:\/\/www.cimoio.de\/cms\/wp-json\/wp\/v2\/users\/3"}],"replies":[{"embeddable":true,"href":"https:\/\/www.cimoio.de\/cms\/wp-json\/wp\/v2\/comments?post=5154"}],"version-history":[{"count":16,"href":"https:\/\/www.cimoio.de\/cms\/wp-json\/wp\/v2\/posts\/5154\/revisions"}],"predecessor-version":[{"id":5206,"href":"https:\/\/www.cimoio.de\/cms\/wp-json\/wp\/v2\/posts\/5154\/revisions\/5206"}],"wp:attachment":[{"href":"https:\/\/www.cimoio.de\/cms\/wp-json\/wp\/v2\/media?parent=5154"}],"wp:term":[{"taxonomy":"category","embeddable":true,"href":"https:\/\/www.cimoio.de\/cms\/wp-json\/wp\/v2\/categories?post=5154"},{"taxonomy":"post_tag","embeddable":true,"href":"https:\/\/www.cimoio.de\/cms\/wp-json\/wp\/v2\/tags?post=5154"}],"curies":[{"name":"wp","href":"https:\/\/api.w.org\/{rel}","templated":true}]}}